{"id":147934,"date":"2021-12-13T14:49:48","date_gmt":"2021-12-13T13:49:48","guid":{"rendered":"https:\/\/www.electrive.com\/?p=166019"},"modified":"2021-12-13T14:49:48","modified_gmt":"2021-12-13T13:49:48","slug":"volkswagen-founds-battery-unit-in-europe","status":"publish","type":"post","link":"https:\/\/www.evearly.news\/en\/volkswagen-founds-battery-unit-in-europe\/","title":{"rendered":"Volkswagen founds battery unit in Europe"},"content":{"rendered":"\n<p><img loading=\"lazy\" decoding=\"async\" src=\"https:\/\/news.evearly.com\/wp-content\/uploads\/2021\/12\/volkswagen-founds-battery-unit-in-europe.png\" width=\"1500\" height=\"750\" title=\"\" alt=\"\" \/>Volkswagen has founded a European Company (Soci\u00e9t\u00e9 Europ\u00e9enne) to bundle activities along the battery value chain. In the future, third parties will also be able to participate in the SE as investors. In addition, VW confirms a number of personnel appointments in battery development. The supervisory board had also approved the establishment of the new [\u2026] <a href=\"https:\/\/www.electrive.com\/2021\/12\/13\/volkswagen-founds-battery-unit-in-europe\/\" target='bwindow' rel=\"noopener\">More&#8230;<\/a><\/p>\n","protected":false},"excerpt":{"rendered":"<p>&#8230; <a class=\"continue-reading-link\" href=\"https:\/\/www.evearly.news\/en\/volkswagen-founds-battery-unit-in-europe\/\"><\/a><\/p>\n","protected":false},"author":24,"featured_media":147935,"comment_status":"closed","ping_status":"closed","sticky":false,"template":"","format":"standard","meta":{"footnotes":""},"categories":[8],"tags":[],"class_list":["post-147934","post","type-post","status-publish","format-standard","has-post-thumbnail","hentry","category-electrive"],"_links":{"self":[{"href":"https:\/\/www.evearly.news\/en\/wp-json\/wp\/v2\/posts\/147934","targetHints":{"allow":["GET"]}}],"collection":[{"href":"https:\/\/www.evearly.news\/en\/wp-json\/wp\/v2\/posts"}],"about":[{"href":"https:\/\/www.evearly.news\/en\/wp-json\/wp\/v2\/types\/post"}],"author":[{"embeddable":true,"href":"https:\/\/www.evearly.news\/en\/wp-json\/wp\/v2\/users\/24"}],"replies":[{"embeddable":true,"href":"https:\/\/www.evearly.news\/en\/wp-json\/wp\/v2\/comments?post=147934"}],"version-history":[{"count":0,"href":"https:\/\/www.evearly.news\/en\/wp-json\/wp\/v2\/posts\/147934\/revisions"}],"wp:featuredmedia":[{"embeddable":true,"href":"https:\/\/www.evearly.news\/en\/wp-json\/"}],"wp:attachment":[{"href":"https:\/\/www.evearly.news\/en\/wp-json\/wp\/v2\/media?parent=147934"}],"wp:term":[{"taxonomy":"category","embeddable":true,"href":"https:\/\/www.evearly.news\/en\/wp-json\/wp\/v2\/categories?post=147934"},{"taxonomy":"post_tag","embeddable":true,"href":"https:\/\/www.evearly.news\/en\/wp-json\/wp\/v2\/tags?post=147934"}],"curies":[{"name":"wp","href":"https:\/\/api.w.org\/{rel}","templated":true}]}}