{"id":313875,"date":"2025-02-03T18:42:06","date_gmt":"2025-02-03T18:42:06","guid":{"rendered":"https:\/\/www.evearly.news\/en\/abb-and-skoda-group-power-up-czech-railways-with-new-battery-electric-trains\/"},"modified":"2025-02-03T18:42:06","modified_gmt":"2025-02-03T18:42:06","slug":"abb-and-skoda-group-power-up-czech-railways-with-new-battery-electric-trains","status":"publish","type":"post","link":"https:\/\/www.evearly.news\/en\/abb-and-skoda-group-power-up-czech-railways-with-new-battery-electric-trains\/","title":{"rendered":"ABB and \u0160koda Group power up Czech railways with new battery-electric trains"},"content":{"rendered":"<p><img src='https:\/\/www.evearly.news\/en\/wp-content\/uploads\/sites\/7\/2025\/02\/abb-and-skoda-group-power-up-czech-railways-with-new-battery-electric-trains.jpg' alt='' ><br \/>ABB is supplying \u0160koda Group with its compact and lightweight Traction Battery Pro Series for \u0160koda\u2019s new fleet of electric railcars ordered by the Czech national railway operator, \u010cesk\u00e9 dr\u00e1hy. The initial agreement covers the delivery of 195 Pro 8C-850 battery packs for 15 battery-electric multiple units (BEMUs) in addition to a 15-year service agreement&#8230;.   <a href=https:\/\/chargedevs.com\/newswire\/abb-and-skoda-group-power-up-czech-railways-with-new-battery-electric-trains\/ target=bwindow>Read more&#8230;<\/a><\/p>\n","protected":false},"excerpt":{"rendered":"<p><img src='https:\/\/www.evearly.news\/en\/wp-content\/uploads\/sites\/7\/2025\/02\/abb-and-skoda-group-power-up-czech-railways-with-new-battery-electric-trains.jpg' alt=''><br \/>ABB is supplying \u0160koda Group with its compact and lightweight Traction Battery Pro Series for \u0160koda\u2019s new fleet of electric railcars ordered by the Czech national railway operator, \u010cesk\u00e9 dr\u00e1hy. The initial agreement covers the delivery of 195 Pro 8C-850 battery packs for 15 battery-electric multiple units (BEMUs) in addition to a 15-year service agreement&#8230;.  <\/p>\n<p> <a class=\"continue-reading-link\" href=\"https:\/\/www.evearly.news\/en\/abb-and-skoda-group-power-up-czech-railways-with-new-battery-electric-trains\/\"><\/a><\/p>\n","protected":false},"author":28,"featured_media":313876,"comment_status":"closed","ping_status":"open","sticky":false,"template":"Default","format":"standard","meta":{"footnotes":""},"categories":[11],"tags":[],"class_list":["post-313875","post","type-post","status-publish","format-standard","has-post-thumbnail","hentry","category-charged-evs"],"_links":{"self":[{"href":"https:\/\/www.evearly.news\/en\/wp-json\/wp\/v2\/posts\/313875","targetHints":{"allow":["GET"]}}],"collection":[{"href":"https:\/\/www.evearly.news\/en\/wp-json\/wp\/v2\/posts"}],"about":[{"href":"https:\/\/www.evearly.news\/en\/wp-json\/wp\/v2\/types\/post"}],"author":[{"embeddable":true,"href":"https:\/\/www.evearly.news\/en\/wp-json\/wp\/v2\/users\/28"}],"replies":[{"embeddable":true,"href":"https:\/\/www.evearly.news\/en\/wp-json\/wp\/v2\/comments?post=313875"}],"version-history":[{"count":0,"href":"https:\/\/www.evearly.news\/en\/wp-json\/wp\/v2\/posts\/313875\/revisions"}],"wp:featuredmedia":[{"embeddable":true,"href":"https:\/\/www.evearly.news\/en\/wp-json\/wp\/v2\/media\/313876"}],"wp:attachment":[{"href":"https:\/\/www.evearly.news\/en\/wp-json\/wp\/v2\/media?parent=313875"}],"wp:term":[{"taxonomy":"category","embeddable":true,"href":"https:\/\/www.evearly.news\/en\/wp-json\/wp\/v2\/categories?post=313875"},{"taxonomy":"post_tag","embeddable":true,"href":"https:\/\/www.evearly.news\/en\/wp-json\/wp\/v2\/tags?post=313875"}],"curies":[{"name":"wp","href":"https:\/\/api.w.org\/{rel}","templated":true}]}}