{"id":324126,"date":"2025-06-03T20:15:29","date_gmt":"2025-06-03T20:15:29","guid":{"rendered":"https:\/\/www.evearly.news\/en\/daimler-buses-to-build-a-new-electric-bus-depot-for-german-transit-agency\/"},"modified":"2025-06-03T20:15:29","modified_gmt":"2025-06-03T20:15:29","slug":"daimler-buses-to-build-a-new-electric-bus-depot-for-german-transit-agency","status":"publish","type":"post","link":"https:\/\/www.evearly.news\/en\/daimler-buses-to-build-a-new-electric-bus-depot-for-german-transit-agency\/","title":{"rendered":"Daimler Buses to build a new electric bus depot for German transit agency"},"content":{"rendered":"<p><img src='https:\/\/www.evearly.news\/en\/wp-content\/uploads\/sites\/7\/2025\/06\/daimler-buses-to-build-a-new-electric-bus-depot-for-german-transit-agency.jpg' alt='' ><br \/>Daimler Buses has won a contract to plan and construct a complete electric bus depot and associated charging infrastructure as a general contractor. The client is the newly founded transit agency MOIN (Mobilit\u00e4tsinfrastruktur und -betriebs Landkreis L\u00fcneburg) in L\u00fcneburg, Germany. The depot will be built on a greenfield site in the industrial area at the&#8230;   <a href=https:\/\/chargedevs.com\/newswire\/daimler-buses-to-build-a-new-electric-bus-depot-for-german-transit-agency\/ target=bwindow>Read more&#8230;<\/a><\/p>\n","protected":false},"excerpt":{"rendered":"<p><img src='https:\/\/www.evearly.news\/en\/wp-content\/uploads\/sites\/7\/2025\/06\/daimler-buses-to-build-a-new-electric-bus-depot-for-german-transit-agency.jpg' alt=''><br \/>Daimler Buses has won a contract to plan and construct a complete electric bus depot and associated charging infrastructure as a general contractor. The client is the newly founded transit agency MOIN (Mobilit\u00e4tsinfrastruktur und -betriebs Landkreis L\u00fcneburg) in L\u00fcneburg, Germany. The depot will be built on a greenfield site in the industrial area at the&#8230;  <\/p>\n<p> <a class=\"continue-reading-link\" href=\"https:\/\/www.evearly.news\/en\/daimler-buses-to-build-a-new-electric-bus-depot-for-german-transit-agency\/\"><\/a><\/p>\n","protected":false},"author":28,"featured_media":324127,"comment_status":"closed","ping_status":"open","sticky":false,"template":"Default","format":"standard","meta":{"footnotes":""},"categories":[11],"tags":[],"class_list":["post-324126","post","type-post","status-publish","format-standard","has-post-thumbnail","hentry","category-charged-evs"],"_links":{"self":[{"href":"https:\/\/www.evearly.news\/en\/wp-json\/wp\/v2\/posts\/324126","targetHints":{"allow":["GET"]}}],"collection":[{"href":"https:\/\/www.evearly.news\/en\/wp-json\/wp\/v2\/posts"}],"about":[{"href":"https:\/\/www.evearly.news\/en\/wp-json\/wp\/v2\/types\/post"}],"author":[{"embeddable":true,"href":"https:\/\/www.evearly.news\/en\/wp-json\/wp\/v2\/users\/28"}],"replies":[{"embeddable":true,"href":"https:\/\/www.evearly.news\/en\/wp-json\/wp\/v2\/comments?post=324126"}],"version-history":[{"count":0,"href":"https:\/\/www.evearly.news\/en\/wp-json\/wp\/v2\/posts\/324126\/revisions"}],"wp:featuredmedia":[{"embeddable":true,"href":"https:\/\/www.evearly.news\/en\/wp-json\/wp\/v2\/media\/324127"}],"wp:attachment":[{"href":"https:\/\/www.evearly.news\/en\/wp-json\/wp\/v2\/media?parent=324126"}],"wp:term":[{"taxonomy":"category","embeddable":true,"href":"https:\/\/www.evearly.news\/en\/wp-json\/wp\/v2\/categories?post=324126"},{"taxonomy":"post_tag","embeddable":true,"href":"https:\/\/www.evearly.news\/en\/wp-json\/wp\/v2\/tags?post=324126"}],"curies":[{"name":"wp","href":"https:\/\/api.w.org\/{rel}","templated":true}]}}