{"id":100583,"date":"2021-07-01T02:00:00","date_gmt":"2021-07-01T00:00:00","guid":{"rendered":"http:\/\/$url_article"},"modified":"2021-07-01T02:00:00","modified_gmt":"2021-07-01T00:00:00","slug":"lancement-dun-barometre-expert-accedez-a-toutes-les-donnees-sur-les-vehicules-electriques-hybrides-rechargeables-et-a-hydrogene-en-circulation","status":"publish","type":"post","link":"https:\/\/www.evearly.news\/fr\/lancement-dun-barometre-expert-accedez-a-toutes-les-donnees-sur-les-vehicules-electriques-hybrides-rechargeables-et-a-hydrogene-en-circulation\/","title":{"rendered":"Lancement d\u2019un barom\u00e8tre expert : acc\u00e9dez \u00e0 toutes les donn\u00e9es sur les v\u00e9hicules \u00e9lectriques, hybrides rechargeables et \u00e0 hydrog\u00e8ne en circulation"},"content":{"rendered":"\n<p>&lt;img src=&quot;https:\/\/news.evearly.com\/wp-content\/uploads\/2021\/07\/lancement-dun-barometre-expert-accedez-a-toutes-les-donnees-sur-les-vehicules-electriques-hybrides-rechargeables-et-a-hydrogene-en-circulation.jpg&quot; alt=&quot;Lancement d\u2019un barom\u00e8tre expert : acc\u00e9dez \u00e0 toutes les donn\u00e9es sur les v\u00e9hicules \u00e9lectriques, hybrides rechargeables et \u00e0 hydrog\u00e8ne en circulation &quot; itemprop=&quot;image&quot;<br \/>Tous les mois, l\u2019Avere-France s\u2019int\u00e9resse aux immatriculations des v\u00e9hicules \u00e9lectriques, hybrides rechargeables et \u00e0 hydrog\u00e8ne. Nombre de mod\u00e8les mis \u00e0 la route, parts de march\u00e9, v\u00e9hicules les plus immatricul\u00e9s\u2026 Nos barom\u00e8tres donnent une vision globale de l\u2019\u00e9tat du ma <a href=\"http:\/\/www.avere-france.org\/Site\/Article\/?article_id=8009\" target=\"_blank\" rel=\"noopener\">Lire la suite&#8230;<\/a><\/p>\n","protected":false},"excerpt":{"rendered":"<p>&#8230; <a class=\"continue-reading-link\" href=\"https:\/\/www.evearly.news\/fr\/lancement-dun-barometre-expert-accedez-a-toutes-les-donnees-sur-les-vehicules-electriques-hybrides-rechargeables-et-a-hydrogene-en-circulation\/\"><\/a><\/p>\n","protected":false},"author":10,"featured_media":0,"comment_status":"closed","ping_status":"closed","sticky":false,"template":"","format":"standard","meta":{"footnotes":""},"categories":[9],"tags":[],"class_list":["post-100583","post","type-post","status-publish","format-standard","hentry","category-avere-france"],"_links":{"self":[{"href":"https:\/\/www.evearly.news\/fr\/wp-json\/wp\/v2\/posts\/100583","targetHints":{"allow":["GET"]}}],"collection":[{"href":"https:\/\/www.evearly.news\/fr\/wp-json\/wp\/v2\/posts"}],"about":[{"href":"https:\/\/www.evearly.news\/fr\/wp-json\/wp\/v2\/types\/post"}],"author":[{"embeddable":true,"href":"https:\/\/www.evearly.news\/fr\/wp-json\/wp\/v2\/users\/10"}],"replies":[{"embeddable":true,"href":"https:\/\/www.evearly.news\/fr\/wp-json\/wp\/v2\/comments?post=100583"}],"version-history":[{"count":0,"href":"https:\/\/www.evearly.news\/fr\/wp-json\/wp\/v2\/posts\/100583\/revisions"}],"wp:attachment":[{"href":"https:\/\/www.evearly.news\/fr\/wp-json\/wp\/v2\/media?parent=100583"}],"wp:term":[{"taxonomy":"category","embeddable":true,"href":"https:\/\/www.evearly.news\/fr\/wp-json\/wp\/v2\/categories?post=100583"},{"taxonomy":"post_tag","embeddable":true,"href":"https:\/\/www.evearly.news\/fr\/wp-json\/wp\/v2\/tags?post=100583"}],"curies":[{"name":"wp","href":"https:\/\/api.w.org\/{rel}","templated":true}]}}