{"id":100677,"date":"2021-07-02T02:00:00","date_gmt":"2021-07-02T00:00:00","guid":{"rendered":"http:\/\/$url_article"},"modified":"2021-07-02T02:00:00","modified_gmt":"2021-07-02T00:00:00","slug":"lancement-dadvenir-formations-le-programme-dinformation-pour-accelerer-le-passage-a-la-mobilite-electrique","status":"publish","type":"post","link":"https:\/\/www.evearly.news\/fr\/lancement-dadvenir-formations-le-programme-dinformation-pour-accelerer-le-passage-a-la-mobilite-electrique\/","title":{"rendered":"Lancement d\u2019Advenir Formations : le programme d\u2019information pour acc\u00e9l\u00e9rer le passage \u00e0 la mobilit\u00e9 \u00e9lectrique !"},"content":{"rendered":"\n<p>&lt;img src=&quot;https:\/\/news.evearly.com\/wp-content\/uploads\/2021\/07\/lancement-dadvenir-formations-le-programme-dinformation-pour-accelerer-le-passage-a-la-mobilite-electrique.jpg&quot; alt=&quot;Lancement d\u2019Advenir Formations : le programme d\u2019information pour acc\u00e9l\u00e9rer le passage \u00e0 la mobilit\u00e9 \u00e9lectrique !&quot; itemprop=&quot;image&quot;<br \/>En France, les automobilistes sont de plus en plus nombreux \u00e0 vouloir passer \u00e0 l\u2019\u00e9lectrique. Pr\u00e8s de 7 Fran\u00e7ais sur 10 se disent pr\u00eats \u00e0 acheter un v\u00e9hicule \u00e9lectrifi\u00e9 s\u2019ils obtiennent des r\u00e9ponses claires \u00e0 leurs questions : Comment choisir sa voiture ? Quelles solut <a href=\"http:\/\/www.avere-france.org\/Site\/Article\/?article_id=8011\" target=\"_blank\" rel=\"noopener\">Lire la suite&#8230;<\/a><\/p>\n","protected":false},"excerpt":{"rendered":"<p>&#8230; <a class=\"continue-reading-link\" href=\"https:\/\/www.evearly.news\/fr\/lancement-dadvenir-formations-le-programme-dinformation-pour-accelerer-le-passage-a-la-mobilite-electrique\/\"><\/a><\/p>\n","protected":false},"author":10,"featured_media":0,"comment_status":"closed","ping_status":"closed","sticky":false,"template":"","format":"standard","meta":{"footnotes":""},"categories":[9],"tags":[],"class_list":["post-100677","post","type-post","status-publish","format-standard","hentry","category-avere-france"],"_links":{"self":[{"href":"https:\/\/www.evearly.news\/fr\/wp-json\/wp\/v2\/posts\/100677","targetHints":{"allow":["GET"]}}],"collection":[{"href":"https:\/\/www.evearly.news\/fr\/wp-json\/wp\/v2\/posts"}],"about":[{"href":"https:\/\/www.evearly.news\/fr\/wp-json\/wp\/v2\/types\/post"}],"author":[{"embeddable":true,"href":"https:\/\/www.evearly.news\/fr\/wp-json\/wp\/v2\/users\/10"}],"replies":[{"embeddable":true,"href":"https:\/\/www.evearly.news\/fr\/wp-json\/wp\/v2\/comments?post=100677"}],"version-history":[{"count":0,"href":"https:\/\/www.evearly.news\/fr\/wp-json\/wp\/v2\/posts\/100677\/revisions"}],"wp:attachment":[{"href":"https:\/\/www.evearly.news\/fr\/wp-json\/wp\/v2\/media?parent=100677"}],"wp:term":[{"taxonomy":"category","embeddable":true,"href":"https:\/\/www.evearly.news\/fr\/wp-json\/wp\/v2\/categories?post=100677"},{"taxonomy":"post_tag","embeddable":true,"href":"https:\/\/www.evearly.news\/fr\/wp-json\/wp\/v2\/tags?post=100677"}],"curies":[{"name":"wp","href":"https:\/\/api.w.org\/{rel}","templated":true}]}}