{"id":101306,"date":"2021-07-15T09:00:00","date_gmt":"2021-07-15T07:00:00","guid":{"rendered":"https:\/\/www.caradisiac.com\/voitures-electriques-l-allemagne-va-devoir-produire-plus-d-electricite-que-prevu-191091.htm#xtor=RSS-40"},"modified":"2021-07-15T09:00:00","modified_gmt":"2021-07-15T07:00:00","slug":"voitures-electriques-lallemagne-va-devoir-produire-plus-delectricite-que-prevu","status":"publish","type":"post","link":"https:\/\/www.evearly.news\/fr\/voitures-electriques-lallemagne-va-devoir-produire-plus-delectricite-que-prevu\/","title":{"rendered":"Voitures \u00e9lectriques : l&rsquo;Allemagne va devoir produire plus d&rsquo;\u00e9lectricit\u00e9 que pr\u00e9vu"},"content":{"rendered":"\n<p><img decoding=\"async\" src=\"https:\/\/news.evearly.com\/wp-content\/uploads\/2021\/07\/voitures-electriques-lallemagne-va-devoir-produire-plus-delectricite-que-prevu.jpg\" \/> Mettre sur la route des millions de voitures \u00e9lectriques va obliger l&rsquo;Allemagne \u00e0 produire plus d&rsquo;\u00e9lectricit\u00e9 que pr\u00e9vu d&rsquo;ici 2030. Une augmentation de 15 % qui ne devrait pas faire baisser la part du charbon, du lignite et du gaz. <a href=\"https:\/\/www.caradisiac.com\/voitures-electriques-l-allemagne-va-devoir-produire-plus-d-electricite-que-prevu-191091.htm#xtor=RSS-40\" target=\"_blank\" rel=\"noopener\">Lire la suite&#8230;<\/a><\/p>\n","protected":false},"excerpt":{"rendered":"\n<p><img decoding=\"async\" src=\"https:\/\/news.evearly.com\/wp-content\/uploads\/2021\/07\/voitures-electriques-lallemagne-va-devoir-produire-plus-delectricite-que-prevu.jpg\" \/> Mettre sur la route des millions de voitures \u00e9lectriques va obliger l&rsquo;Allemagne \u00e0 produire plus d&rsquo;\u00e9lectricit\u00e9 que pr\u00e9vu d&rsquo;ici 2030. Une augmentation de 15 % qui ne devrait pas faire baisser la part du charbon, du lignite et du gaz.<\/p>\n<p>  <a class=\"continue-reading-link\" href=\"https:\/\/www.evearly.news\/fr\/voitures-electriques-lallemagne-va-devoir-produire-plus-delectricite-que-prevu\/\"><\/a><\/p>\n","protected":false},"author":11,"featured_media":0,"comment_status":"closed","ping_status":"closed","sticky":false,"template":"","format":"standard","meta":{"footnotes":""},"categories":[11],"tags":[],"class_list":["post-101306","post","type-post","status-publish","format-standard","hentry","category-caradisiac"],"_links":{"self":[{"href":"https:\/\/www.evearly.news\/fr\/wp-json\/wp\/v2\/posts\/101306","targetHints":{"allow":["GET"]}}],"collection":[{"href":"https:\/\/www.evearly.news\/fr\/wp-json\/wp\/v2\/posts"}],"about":[{"href":"https:\/\/www.evearly.news\/fr\/wp-json\/wp\/v2\/types\/post"}],"author":[{"embeddable":true,"href":"https:\/\/www.evearly.news\/fr\/wp-json\/wp\/v2\/users\/11"}],"replies":[{"embeddable":true,"href":"https:\/\/www.evearly.news\/fr\/wp-json\/wp\/v2\/comments?post=101306"}],"version-history":[{"count":0,"href":"https:\/\/www.evearly.news\/fr\/wp-json\/wp\/v2\/posts\/101306\/revisions"}],"wp:attachment":[{"href":"https:\/\/www.evearly.news\/fr\/wp-json\/wp\/v2\/media?parent=101306"}],"wp:term":[{"taxonomy":"category","embeddable":true,"href":"https:\/\/www.evearly.news\/fr\/wp-json\/wp\/v2\/categories?post=101306"},{"taxonomy":"post_tag","embeddable":true,"href":"https:\/\/www.evearly.news\/fr\/wp-json\/wp\/v2\/tags?post=101306"}],"curies":[{"name":"wp","href":"https:\/\/api.w.org\/{rel}","templated":true}]}}