{"id":101427,"date":"2021-07-14T23:53:31","date_gmt":"2021-07-14T21:53:31","guid":{"rendered":"http:\/\/tag:typepad.com,2003:post-6a00d8341bfe5d53ef0282e1107a63200b"},"modified":"2021-07-14T23:53:31","modified_gmt":"2021-07-14T21:53:31","slug":"la-commission-europeenne-a-presente-mercredi-son-paquet-climat-qui-prevoit-une-acceleration-des-renouvelables","status":"publish","type":"post","link":"https:\/\/www.evearly.news\/fr\/la-commission-europeenne-a-presente-mercredi-son-paquet-climat-qui-prevoit-une-acceleration-des-renouvelables\/","title":{"rendered":"La Commission europ\u00e9enne a pr\u00e9sent\u00e9 mercredi son paquet climat, qui pr\u00e9voit une acc\u00e9l\u00e9ration des renouvelables."},"content":{"rendered":"<p><img decoding=\"async\" class=\"asset asset-image at-xid-6a00d8341bfe5d53ef026bdee025df200c img-responsive\" style=\"width: 560px;margin: 0px 5px 5px 0px\" title=\"Frans_Timmermans_&amp;_Ursula_von_der_Leyen\" src=\"https:\/\/tecsol.blogs.com\/.a\/6a00d8341bfe5d53ef026bdee025df200c-580wi\" alt=\"Frans_Timmermans_&amp;_Ursula_von_der_Leyen\" \/>La Commission europ\u00e9enne a adopt\u00e9 mercredi 14 juillet un ensemble de propositions visant \u00e0 adapter les politiques de l&rsquo;Union en mati\u00e8re de climat, d&rsquo;\u00e9nergie, d&rsquo;utilisation des terres, de transport et de fiscalit\u00e9 de sorte \u00e0 permettre \u00e0 l&rsquo;Union de r\u00e9duire&#8230; <a href=\"https:\/\/feeds.feedblitz.com\/~\/657798966\/0\/tecsol~La-Commission-europ%c3%a9enne-a-pr%c3%a9sent%c3%a9-mercredi-son-paquet-climat-qui-pr%c3%a9voit-une-acc%c3%a9l%c3%a9ration-des-renouvelables.html\" target=\"_blank\" rel=\"noopener\">Lire la suite&#8230;<\/a><\/p>\n\n\n<p><\/p>\n","protected":false},"excerpt":{"rendered":"<p>&#8230; <a class=\"continue-reading-link\" href=\"https:\/\/www.evearly.news\/fr\/la-commission-europeenne-a-presente-mercredi-son-paquet-climat-qui-prevoit-une-acceleration-des-renouvelables\/\"><\/a><\/p>\n","protected":false},"author":25,"featured_media":0,"comment_status":"closed","ping_status":"closed","sticky":false,"template":"","format":"standard","meta":{"footnotes":""},"categories":[22],"tags":[],"class_list":["post-101427","post","type-post","status-publish","format-standard","hentry","category-tecsol"],"_links":{"self":[{"href":"https:\/\/www.evearly.news\/fr\/wp-json\/wp\/v2\/posts\/101427","targetHints":{"allow":["GET"]}}],"collection":[{"href":"https:\/\/www.evearly.news\/fr\/wp-json\/wp\/v2\/posts"}],"about":[{"href":"https:\/\/www.evearly.news\/fr\/wp-json\/wp\/v2\/types\/post"}],"author":[{"embeddable":true,"href":"https:\/\/www.evearly.news\/fr\/wp-json\/wp\/v2\/users\/25"}],"replies":[{"embeddable":true,"href":"https:\/\/www.evearly.news\/fr\/wp-json\/wp\/v2\/comments?post=101427"}],"version-history":[{"count":0,"href":"https:\/\/www.evearly.news\/fr\/wp-json\/wp\/v2\/posts\/101427\/revisions"}],"wp:attachment":[{"href":"https:\/\/www.evearly.news\/fr\/wp-json\/wp\/v2\/media?parent=101427"}],"wp:term":[{"taxonomy":"category","embeddable":true,"href":"https:\/\/www.evearly.news\/fr\/wp-json\/wp\/v2\/categories?post=101427"},{"taxonomy":"post_tag","embeddable":true,"href":"https:\/\/www.evearly.news\/fr\/wp-json\/wp\/v2\/tags?post=101427"}],"curies":[{"name":"wp","href":"https:\/\/api.w.org\/{rel}","templated":true}]}}