{"id":101796,"date":"2021-07-21T02:00:00","date_gmt":"2021-07-21T00:00:00","guid":{"rendered":"http:\/\/$url_article"},"modified":"2021-07-21T02:00:00","modified_gmt":"2021-07-21T00:00:00","slug":"enedis-et-rte-lassurent-le-reseau-electrique-pourra-endosser-le-deploiement-de-la-recharge-rapide","status":"publish","type":"post","link":"https:\/\/www.evearly.news\/fr\/enedis-et-rte-lassurent-le-reseau-electrique-pourra-endosser-le-deploiement-de-la-recharge-rapide\/","title":{"rendered":"Enedis et RTE l\u2019assurent : le r\u00e9seau \u00e9lectrique pourra endosser le d\u00e9ploiement de la recharge rapide"},"content":{"rendered":"\n<p>&lt;img src=&quot;https:\/\/news.evearly.com\/wp-content\/uploads\/2021\/07\/enedis-et-rte-lassurent-le-reseau-electrique-pourra-endosser-le-deploiement-de-la-recharge-rapide.jpg&quot; alt=&quot;Enedis et RTE l\u2019assurent : le r\u00e9seau \u00e9lectrique pourra endosser le d\u00e9ploiement de la recharge rapide&quot; itemprop=&quot;image&quot;<br \/>620 639 : c\u2019\u00e9tait fin juin, le nombre de v\u00e9hicules \u00e9lectriques et hybrides rechargeables en circulation sur le territoire. Ils ont ainsi repr\u00e9sent\u00e9 pr\u00e8s de 16 % du march\u00e9, et nul doute que leur part continuera de grandir au cours des prochains mois, au m\u00eame titre que le <a href=\"http:\/\/www.avere-france.org\/Site\/Article\/?article_id=8015\" target=\"_blank\" rel=\"noopener\">Lire la suite&#8230;<\/a><\/p>\n","protected":false},"excerpt":{"rendered":"<p>&#8230; <a class=\"continue-reading-link\" href=\"https:\/\/www.evearly.news\/fr\/enedis-et-rte-lassurent-le-reseau-electrique-pourra-endosser-le-deploiement-de-la-recharge-rapide\/\"><\/a><\/p>\n","protected":false},"author":10,"featured_media":0,"comment_status":"closed","ping_status":"closed","sticky":false,"template":"","format":"standard","meta":{"footnotes":""},"categories":[9],"tags":[],"class_list":["post-101796","post","type-post","status-publish","format-standard","hentry","category-avere-france"],"_links":{"self":[{"href":"https:\/\/www.evearly.news\/fr\/wp-json\/wp\/v2\/posts\/101796","targetHints":{"allow":["GET"]}}],"collection":[{"href":"https:\/\/www.evearly.news\/fr\/wp-json\/wp\/v2\/posts"}],"about":[{"href":"https:\/\/www.evearly.news\/fr\/wp-json\/wp\/v2\/types\/post"}],"author":[{"embeddable":true,"href":"https:\/\/www.evearly.news\/fr\/wp-json\/wp\/v2\/users\/10"}],"replies":[{"embeddable":true,"href":"https:\/\/www.evearly.news\/fr\/wp-json\/wp\/v2\/comments?post=101796"}],"version-history":[{"count":0,"href":"https:\/\/www.evearly.news\/fr\/wp-json\/wp\/v2\/posts\/101796\/revisions"}],"wp:attachment":[{"href":"https:\/\/www.evearly.news\/fr\/wp-json\/wp\/v2\/media?parent=101796"}],"wp:term":[{"taxonomy":"category","embeddable":true,"href":"https:\/\/www.evearly.news\/fr\/wp-json\/wp\/v2\/categories?post=101796"},{"taxonomy":"post_tag","embeddable":true,"href":"https:\/\/www.evearly.news\/fr\/wp-json\/wp\/v2\/tags?post=101796"}],"curies":[{"name":"wp","href":"https:\/\/api.w.org\/{rel}","templated":true}]}}