{"id":101836,"date":"2021-07-22T06:30:00","date_gmt":"2021-07-22T04:30:00","guid":{"rendered":"https:\/\/www.automobile-magazine.fr\/voitures-electriques\/article\/30441-premiere-image-de-la-future-alpine-5-electrique"},"modified":"2023-08-17T05:14:38","modified_gmt":"2023-08-17T05:14:38","slug":"premiere-image-de-la-future-alpine-5-electrique","status":"publish","type":"post","link":"https:\/\/www.evearly.news\/fr\/premiere-image-de-la-future-alpine-5-electrique\/","title":{"rendered":"Premi\u00e8re image de la future Alpine 5 \u00e9lectrique !"},"content":{"rendered":"<div class=\"media_block\"><img decoding=\"async\" src=\"https:\/\/news.evearly.com\/wp-content\/uploads\/2021\/07\/premiere-image-de-la-future-alpine-5-electrique.jpg\"><\/div>\n<p> Comme Laurent Rossi, DG d\u2019Alpine, nous l\u2019a r\u00e9cemment sugg\u00e9r\u00e9, l\u2019une des trois futures Alpine se rapprochera de la prochaine R5 \u00e9lectrique. Bien assez d\u2019informations pour imaginer cette prochaine \u201cHatch\u201d. <a href=\"https:\/\/www.automobile-magazine.fr\/voitures-electriques\/article\/30441-premiere-image-de-la-future-alpine-5-electrique\" target=\"_blank\" rel=\"noopener\">Lire la suite&#8230;<\/a> <\/p>\n","protected":false},"excerpt":{"rendered":"<p>&#8230; <a class=\"continue-reading-link\" href=\"https:\/\/www.evearly.news\/fr\/premiere-image-de-la-future-alpine-5-electrique\/\"><\/a><\/p>\n","protected":false},"author":7,"featured_media":0,"comment_status":"closed","ping_status":"closed","sticky":false,"template":"","format":"standard","meta":{"footnotes":""},"categories":[7],"tags":[],"class_list":["post-101836","post","type-post","status-publish","format-standard","hentry","category-automobile-magazine"],"_links":{"self":[{"href":"https:\/\/www.evearly.news\/fr\/wp-json\/wp\/v2\/posts\/101836","targetHints":{"allow":["GET"]}}],"collection":[{"href":"https:\/\/www.evearly.news\/fr\/wp-json\/wp\/v2\/posts"}],"about":[{"href":"https:\/\/www.evearly.news\/fr\/wp-json\/wp\/v2\/types\/post"}],"author":[{"embeddable":true,"href":"https:\/\/www.evearly.news\/fr\/wp-json\/wp\/v2\/users\/7"}],"replies":[{"embeddable":true,"href":"https:\/\/www.evearly.news\/fr\/wp-json\/wp\/v2\/comments?post=101836"}],"version-history":[{"count":1,"href":"https:\/\/www.evearly.news\/fr\/wp-json\/wp\/v2\/posts\/101836\/revisions"}],"predecessor-version":[{"id":254167,"href":"https:\/\/www.evearly.news\/fr\/wp-json\/wp\/v2\/posts\/101836\/revisions\/254167"}],"wp:attachment":[{"href":"https:\/\/www.evearly.news\/fr\/wp-json\/wp\/v2\/media?parent=101836"}],"wp:term":[{"taxonomy":"category","embeddable":true,"href":"https:\/\/www.evearly.news\/fr\/wp-json\/wp\/v2\/categories?post=101836"},{"taxonomy":"post_tag","embeddable":true,"href":"https:\/\/www.evearly.news\/fr\/wp-json\/wp\/v2\/tags?post=101836"}],"curies":[{"name":"wp","href":"https:\/\/api.w.org\/{rel}","templated":true}]}}