{"id":101859,"date":"2021-07-22T02:00:00","date_gmt":"2021-07-22T00:00:00","guid":{"rendered":"http:\/\/$url_article"},"modified":"2021-07-22T02:00:00","modified_gmt":"2021-07-22T00:00:00","slug":"le-projet-de-loi-climat-et-resilience-en-4-mesures","status":"publish","type":"post","link":"https:\/\/www.evearly.news\/fr\/le-projet-de-loi-climat-et-resilience-en-4-mesures\/","title":{"rendered":"Le projet de loi Climat et R\u00e9silience en 4 mesures"},"content":{"rendered":"\n<p>&lt;img src=&quot;https:\/\/news.evearly.com\/wp-content\/uploads\/2021\/07\/le-projet-de-loi-climat-et-resilience-en-4-mesures.jpg&quot; alt=&quot;Le projet de loi Climat et R\u00e9silience en 4 mesures &quot; itemprop=&quot;image&quot;<br \/>L\u2019Assembl\u00e9e nationale et le S\u00e9nat sont parvenus \u00e0 un compromis sur le texte du projet de loi Climat et R\u00e9silience. Sauf saisine du Conseil constitutionnel, ce texte pourrait ainsi \u00eatre promulgu\u00e9 sous 15 jours. D\u2019ici l\u00e0, nous vous proposons de revenir sur quatre mesures <a href=\"http:\/\/www.avere-france.org\/Site\/Article\/?article_id=8017\" target=\"_blank\" rel=\"noopener\">Lire la suite&#8230;<\/a><\/p>\n","protected":false},"excerpt":{"rendered":"<p>&#8230; <a class=\"continue-reading-link\" href=\"https:\/\/www.evearly.news\/fr\/le-projet-de-loi-climat-et-resilience-en-4-mesures\/\"><\/a><\/p>\n","protected":false},"author":10,"featured_media":0,"comment_status":"closed","ping_status":"closed","sticky":false,"template":"","format":"standard","meta":{"footnotes":""},"categories":[9],"tags":[],"class_list":["post-101859","post","type-post","status-publish","format-standard","hentry","category-avere-france"],"_links":{"self":[{"href":"https:\/\/www.evearly.news\/fr\/wp-json\/wp\/v2\/posts\/101859","targetHints":{"allow":["GET"]}}],"collection":[{"href":"https:\/\/www.evearly.news\/fr\/wp-json\/wp\/v2\/posts"}],"about":[{"href":"https:\/\/www.evearly.news\/fr\/wp-json\/wp\/v2\/types\/post"}],"author":[{"embeddable":true,"href":"https:\/\/www.evearly.news\/fr\/wp-json\/wp\/v2\/users\/10"}],"replies":[{"embeddable":true,"href":"https:\/\/www.evearly.news\/fr\/wp-json\/wp\/v2\/comments?post=101859"}],"version-history":[{"count":0,"href":"https:\/\/www.evearly.news\/fr\/wp-json\/wp\/v2\/posts\/101859\/revisions"}],"wp:attachment":[{"href":"https:\/\/www.evearly.news\/fr\/wp-json\/wp\/v2\/media?parent=101859"}],"wp:term":[{"taxonomy":"category","embeddable":true,"href":"https:\/\/www.evearly.news\/fr\/wp-json\/wp\/v2\/categories?post=101859"},{"taxonomy":"post_tag","embeddable":true,"href":"https:\/\/www.evearly.news\/fr\/wp-json\/wp\/v2\/tags?post=101859"}],"curies":[{"name":"wp","href":"https:\/\/api.w.org\/{rel}","templated":true}]}}