{"id":102345,"date":"2021-07-29T02:00:00","date_gmt":"2021-07-29T00:00:00","guid":{"rendered":"http:\/\/$url_article"},"modified":"2021-07-29T02:00:00","modified_gmt":"2021-07-29T00:00:00","slug":"incitations-fiscales-a-lachat-ou-a-la-location-dun-vehicule-electrique-ou-hybride-rechargeable","status":"publish","type":"post","link":"https:\/\/www.evearly.news\/fr\/incitations-fiscales-a-lachat-ou-a-la-location-dun-vehicule-electrique-ou-hybride-rechargeable\/","title":{"rendered":"Incitations fiscales \u00e0 l&rsquo;achat ou \u00e0 la location d&rsquo;un v\u00e9hicule \u00e9lectrique ou hybride rechargeable"},"content":{"rendered":"\n<p>&lt;img src=&quot;https:\/\/news.evearly.com\/wp-content\/uploads\/2021\/07\/incitations-fiscales-a-lachat-ou-a-la-location-dun-vehicule-electrique-ou-hybride-rechargeable.jpg&quot; alt=&quot;Incitations fiscales \u00e0 l&#039;achat ou \u00e0 la location d&#039;un v\u00e9hicule \u00e9lectrique ou hybride rechargeable&quot; itemprop=&quot;image&quot;<br \/>Outre le bonus \u00e9cologique et la prime \u00e0 la conversion, des incitations fiscales existent \u00e0 l\u2019acquisition d\u2019un v\u00e9hicule \u00e9lectrique ou hybride rechargeable. <a href=\"http:\/\/www.avere-france.org\/Site\/Article\/?article_id=8020\" target=\"_blank\" rel=\"noopener\">Lire la suite&#8230;<\/a><\/p>\n","protected":false},"excerpt":{"rendered":"<p>&#8230; <a class=\"continue-reading-link\" href=\"https:\/\/www.evearly.news\/fr\/incitations-fiscales-a-lachat-ou-a-la-location-dun-vehicule-electrique-ou-hybride-rechargeable\/\"><\/a><\/p>\n","protected":false},"author":10,"featured_media":0,"comment_status":"closed","ping_status":"closed","sticky":false,"template":"","format":"standard","meta":{"footnotes":""},"categories":[9],"tags":[],"class_list":["post-102345","post","type-post","status-publish","format-standard","hentry","category-avere-france"],"_links":{"self":[{"href":"https:\/\/www.evearly.news\/fr\/wp-json\/wp\/v2\/posts\/102345","targetHints":{"allow":["GET"]}}],"collection":[{"href":"https:\/\/www.evearly.news\/fr\/wp-json\/wp\/v2\/posts"}],"about":[{"href":"https:\/\/www.evearly.news\/fr\/wp-json\/wp\/v2\/types\/post"}],"author":[{"embeddable":true,"href":"https:\/\/www.evearly.news\/fr\/wp-json\/wp\/v2\/users\/10"}],"replies":[{"embeddable":true,"href":"https:\/\/www.evearly.news\/fr\/wp-json\/wp\/v2\/comments?post=102345"}],"version-history":[{"count":0,"href":"https:\/\/www.evearly.news\/fr\/wp-json\/wp\/v2\/posts\/102345\/revisions"}],"wp:attachment":[{"href":"https:\/\/www.evearly.news\/fr\/wp-json\/wp\/v2\/media?parent=102345"}],"wp:term":[{"taxonomy":"category","embeddable":true,"href":"https:\/\/www.evearly.news\/fr\/wp-json\/wp\/v2\/categories?post=102345"},{"taxonomy":"post_tag","embeddable":true,"href":"https:\/\/www.evearly.news\/fr\/wp-json\/wp\/v2\/tags?post=102345"}],"curies":[{"name":"wp","href":"https:\/\/api.w.org\/{rel}","templated":true}]}}