{"id":102390,"date":"2021-07-30T11:30:24","date_gmt":"2021-07-30T09:30:24","guid":{"rendered":"https:\/\/www.automobile-propre.com\/?post_type=breves&amp;p=122123"},"modified":"2021-07-30T11:30:24","modified_gmt":"2021-07-30T09:30:24","slug":"la-dacia-spring-arrive-en-autopartage-a-paris","status":"publish","type":"post","link":"https:\/\/www.evearly.news\/fr\/la-dacia-spring-arrive-en-autopartage-a-paris\/","title":{"rendered":"La Dacia Spring arrive en autopartage \u00e0 Paris"},"content":{"rendered":"\n<p><img loading=\"lazy\" decoding=\"async\" width=\"500\" height=\"333\" src=\"https:\/\/news.evearly.com\/wp-content\/uploads\/2021\/07\/la-dacia-spring-arrive-en-autopartage-a-paris.jpg\" class=\"attachment-186x124 size-186x124 wp-post-image\" alt=\"\" \/><br \/>\nLe service d&rsquo;autopartage Zity by Mobilize a int\u00e9gr\u00e9 150 Dacia Spring dans sa flotte de v\u00e9hicules. Une centaine d&rsquo;exemplaires suppl\u00e9mentaires sont attendus \u00e0 la rentr\u00e9e. <a href=\"https:\/\/www.automobile-propre.com\/breves\/la-dacia-spring-arrive-en-autopartage-a-paris\/\" target=\"_blank\" rel=\"noopener\">Lire la suite&#8230;<\/a><\/p>\n","protected":false},"excerpt":{"rendered":"<p>\nLe service d&rsquo;autopartage Zity by Mobilize a int\u00e9gr\u00e9 150 Dacia Spring dans sa flotte de v\u00e9hicules. Une centaine d&rsquo;exemplaires suppl\u00e9mentaires sont attendus \u00e0 la rentr\u00e9e.  &#8230; <a class=\"continue-reading-link\" href=\"https:\/\/www.evearly.news\/fr\/la-dacia-spring-arrive-en-autopartage-a-paris\/\"><\/a><\/p>\n","protected":false},"author":8,"featured_media":0,"comment_status":"closed","ping_status":"closed","sticky":false,"template":"","format":"standard","meta":{"footnotes":""},"categories":[8],"tags":[],"class_list":["post-102390","post","type-post","status-publish","format-standard","hentry","category-automobile-propre"],"_links":{"self":[{"href":"https:\/\/www.evearly.news\/fr\/wp-json\/wp\/v2\/posts\/102390","targetHints":{"allow":["GET"]}}],"collection":[{"href":"https:\/\/www.evearly.news\/fr\/wp-json\/wp\/v2\/posts"}],"about":[{"href":"https:\/\/www.evearly.news\/fr\/wp-json\/wp\/v2\/types\/post"}],"author":[{"embeddable":true,"href":"https:\/\/www.evearly.news\/fr\/wp-json\/wp\/v2\/users\/8"}],"replies":[{"embeddable":true,"href":"https:\/\/www.evearly.news\/fr\/wp-json\/wp\/v2\/comments?post=102390"}],"version-history":[{"count":0,"href":"https:\/\/www.evearly.news\/fr\/wp-json\/wp\/v2\/posts\/102390\/revisions"}],"wp:attachment":[{"href":"https:\/\/www.evearly.news\/fr\/wp-json\/wp\/v2\/media?parent=102390"}],"wp:term":[{"taxonomy":"category","embeddable":true,"href":"https:\/\/www.evearly.news\/fr\/wp-json\/wp\/v2\/categories?post=102390"},{"taxonomy":"post_tag","embeddable":true,"href":"https:\/\/www.evearly.news\/fr\/wp-json\/wp\/v2\/tags?post=102390"}],"curies":[{"name":"wp","href":"https:\/\/api.w.org\/{rel}","templated":true}]}}