{"id":102520,"date":"2021-08-02T02:00:00","date_gmt":"2021-08-02T00:00:00","guid":{"rendered":"http:\/\/$url_article"},"modified":"2021-08-02T02:00:00","modified_gmt":"2021-08-02T00:00:00","slug":"jusqua-6-000-euros-daide-de-la-metropole-du-grand-paris-pour-lachat-dun-vehicule-electrique-hybride-rechargeable-et-non-rechargeable-hydrogene-ou-fonctionnant-au","status":"publish","type":"post","link":"https:\/\/www.evearly.news\/fr\/jusqua-6-000-euros-daide-de-la-metropole-du-grand-paris-pour-lachat-dun-vehicule-electrique-hybride-rechargeable-et-non-rechargeable-hydrogene-ou-fonctionnant-au\/","title":{"rendered":"Jusqu\u2019\u00e0 6 000 euros d\u2019aide de la M\u00e9tropole du Grand Paris pour l\u2019achat d\u2019un v\u00e9hicule \u00e9lectrique, hybride rechargeable et non rechargeable, hydrog\u00e8ne ou fonctionnant au GNV, neuf ou d\u2019occasion"},"content":{"rendered":"\n<p>&lt;img src=&quot;https:\/\/news.evearly.com\/wp-content\/uploads\/2021\/08\/jusqua-6-000-euros-daide-de-la-metropole-du-grand-paris-pour-lachat-dun-vehicule-electrique-hybride-rechargeable-et-non-rechargeable-hydrogene-ou-fonctionnant-au.jpg&quot; alt=&quot;Jusqu\u2019\u00e0 6 000 euros d\u2019aide de la M\u00e9tropole du Grand Paris pour l\u2019achat d\u2019un v\u00e9hicule \u00e9lectrique, hybride rechargeable et non rechargeable, hydrog\u00e8ne ou fonctionnant au GNV, neuf ou d\u2019occasion &quot; itemprop=&quot;image&quot;<br \/>La M\u00e9tropole du Grand Paris octroie une subvention pour l\u2019acquisition d\u2019un v\u00e9hicule \u00e9lectrique ou hybride rechargeable et non rechargeable, hydrog\u00e8ne ou fonctionnant au GNV au titre de sa comp\u00e9tence en mati\u00e8re de lutte contre la pollution atmosph\u00e9rique. <a href=\"http:\/\/www.avere-france.org\/Site\/Article\/?article_id=6715\" target=\"_blank\" rel=\"noopener\">Lire la suite&#8230;<\/a><\/p>\n","protected":false},"excerpt":{"rendered":"<p>&#8230; <a class=\"continue-reading-link\" href=\"https:\/\/www.evearly.news\/fr\/jusqua-6-000-euros-daide-de-la-metropole-du-grand-paris-pour-lachat-dun-vehicule-electrique-hybride-rechargeable-et-non-rechargeable-hydrogene-ou-fonctionnant-au\/\"><\/a><\/p>\n","protected":false},"author":10,"featured_media":0,"comment_status":"closed","ping_status":"closed","sticky":false,"template":"","format":"standard","meta":{"footnotes":""},"categories":[9],"tags":[],"class_list":["post-102520","post","type-post","status-publish","format-standard","hentry","category-avere-france"],"_links":{"self":[{"href":"https:\/\/www.evearly.news\/fr\/wp-json\/wp\/v2\/posts\/102520","targetHints":{"allow":["GET"]}}],"collection":[{"href":"https:\/\/www.evearly.news\/fr\/wp-json\/wp\/v2\/posts"}],"about":[{"href":"https:\/\/www.evearly.news\/fr\/wp-json\/wp\/v2\/types\/post"}],"author":[{"embeddable":true,"href":"https:\/\/www.evearly.news\/fr\/wp-json\/wp\/v2\/users\/10"}],"replies":[{"embeddable":true,"href":"https:\/\/www.evearly.news\/fr\/wp-json\/wp\/v2\/comments?post=102520"}],"version-history":[{"count":0,"href":"https:\/\/www.evearly.news\/fr\/wp-json\/wp\/v2\/posts\/102520\/revisions"}],"wp:attachment":[{"href":"https:\/\/www.evearly.news\/fr\/wp-json\/wp\/v2\/media?parent=102520"}],"wp:term":[{"taxonomy":"category","embeddable":true,"href":"https:\/\/www.evearly.news\/fr\/wp-json\/wp\/v2\/categories?post=102520"},{"taxonomy":"post_tag","embeddable":true,"href":"https:\/\/www.evearly.news\/fr\/wp-json\/wp\/v2\/tags?post=102520"}],"curies":[{"name":"wp","href":"https:\/\/api.w.org\/{rel}","templated":true}]}}