{"id":102669,"date":"2021-08-05T06:00:30","date_gmt":"2021-08-05T04:00:30","guid":{"rendered":"https:\/\/www.avem.fr\/?p=45166"},"modified":"2023-08-17T17:30:13","modified_gmt":"2023-08-17T17:30:13","slug":"dhl-vient-de-commander-12-avions-cargos-electriques-a-eviation","status":"publish","type":"post","link":"https:\/\/www.evearly.news\/fr\/dhl-vient-de-commander-12-avions-cargos-electriques-a-eviation\/","title":{"rendered":"DHL vient de commander 12 avions cargos \u00e9lectriques \u00e0 Eviation"},"content":{"rendered":"\n<p><img decoding=\"async\" width=\"1000\" height=\"563\" src=\"https:\/\/news.evearly.com\/wp-content\/uploads\/2021\/08\/dhl-vient-de-commander-12-avions-cargos-electriques-a-eviation.jpg\" class=\"attachment-post-thumbnail size-post-thumbnail wp-post-image\" alt=\"\" loading=\"lazy\" \/>Le mod\u00e8le Alice d\u2019Eviation se pr\u00e9sente comme le tout premier avion cargo \u00e9lectrique exploitable au monde. Son premier vol devrait \u00eatre r\u00e9alis\u00e9 \u00e0 la fin de la pr\u00e9sente ann\u00e9e 2021. DHL Express devrait recevoir ses 12 exemplaires en 2024. Pour un autre usage, Alice devrait \u00eatre d\u00e9clin\u00e9 pour le transport [\u2026] <a href=\"https:\/\/www.avem.fr\/2021\/08\/05\/dhl-vient-de-commander-12-avions-cargos-electriques-a-eviation\/\" target=\"_blank\" rel=\"noopener\">Lire la suite&#8230;<\/a><\/p>\n","protected":false},"excerpt":{"rendered":"<p> <img decoding=\"async\" width=\"1000\" height=\"563\" src=\"https:\/\/news.evearly.com\/wp-content\/uploads\/2021\/08\/dhl-vient-de-commander-12-avions-cargos-electriques-a-eviation.jpg\" class=\"attachment-post-thumbnail size-post-thumbnail wp-post-image\" alt=\"\" loading=\"lazy\" \/>Le mod\u00e8le Alice d\u2019Eviation se pr\u00e9sente comme le tout premier avion cargo \u00e9lectrique exploitable au monde. Son premier vol devrait \u00eatre r\u00e9alis\u00e9 \u00e0 la fin de la pr\u00e9sente ann\u00e9e 2021. DHL Express devrait recevoir ses 12 exemplaires en 2024. Pour un autre usage, Alice devrait \u00eatre d\u00e9clin\u00e9 pour le transport [\u2026]  <a class=\"continue-reading-link\" href=\"https:\/\/www.evearly.news\/fr\/dhl-vient-de-commander-12-avions-cargos-electriques-a-eviation\/\"><\/a><\/p>\n","protected":false},"author":3,"featured_media":0,"comment_status":"closed","ping_status":"closed","sticky":false,"template":"","format":"standard","meta":{"footnotes":""},"categories":[3],"tags":[],"class_list":["post-102669","post","type-post","status-publish","format-standard","hentry","category-avem"],"_links":{"self":[{"href":"https:\/\/www.evearly.news\/fr\/wp-json\/wp\/v2\/posts\/102669","targetHints":{"allow":["GET"]}}],"collection":[{"href":"https:\/\/www.evearly.news\/fr\/wp-json\/wp\/v2\/posts"}],"about":[{"href":"https:\/\/www.evearly.news\/fr\/wp-json\/wp\/v2\/types\/post"}],"author":[{"embeddable":true,"href":"https:\/\/www.evearly.news\/fr\/wp-json\/wp\/v2\/users\/3"}],"replies":[{"embeddable":true,"href":"https:\/\/www.evearly.news\/fr\/wp-json\/wp\/v2\/comments?post=102669"}],"version-history":[{"count":1,"href":"https:\/\/www.evearly.news\/fr\/wp-json\/wp\/v2\/posts\/102669\/revisions"}],"predecessor-version":[{"id":256012,"href":"https:\/\/www.evearly.news\/fr\/wp-json\/wp\/v2\/posts\/102669\/revisions\/256012"}],"wp:attachment":[{"href":"https:\/\/www.evearly.news\/fr\/wp-json\/wp\/v2\/media?parent=102669"}],"wp:term":[{"taxonomy":"category","embeddable":true,"href":"https:\/\/www.evearly.news\/fr\/wp-json\/wp\/v2\/categories?post=102669"},{"taxonomy":"post_tag","embeddable":true,"href":"https:\/\/www.evearly.news\/fr\/wp-json\/wp\/v2\/tags?post=102669"}],"curies":[{"name":"wp","href":"https:\/\/api.w.org\/{rel}","templated":true}]}}