{"id":109062,"date":"2021-08-27T16:28:31","date_gmt":"2021-08-27T14:28:31","guid":{"rendered":"https:\/\/www.phonandroid.com\/?p=2396740"},"modified":"2021-08-27T16:28:31","modified_gmt":"2021-08-27T14:28:31","slug":"la-lucid-air-dream-edition-r-offre-plus-de-750-km-dautonomie-bien-plus-que-la-tesla-model-s","status":"publish","type":"post","link":"https:\/\/www.evearly.news\/fr\/la-lucid-air-dream-edition-r-offre-plus-de-750-km-dautonomie-bien-plus-que-la-tesla-model-s\/","title":{"rendered":"La Lucid Air Dream Edition R offre plus de 750 km d\u2019autonomie, bien plus que la Tesla Model S"},"content":{"rendered":"\n<p><img decoding=\"async\" src=\"https:\/\/news.evearly.com\/wp-content\/uploads\/2021\/08\/la-lucid-air-dream-edition-r-offre-plus-de-750-km-dautonomie-bien-plus-que-la-tesla-model-s.jpg\"><br \/>Lucid vient de d\u00e9voiler deux versions diff\u00e9rentes de sa Lucid Air Dream Edition, et nos confr\u00e8res de Motor Trend ont d\u00e9j\u00e0 pu tester la version la plus autonome qui propose une port\u00e9e plus \u00e9lev\u00e9e que les Tesla Model S. L\u2019ann\u00e9e&#8230; <a href=\"https:\/\/www.phonandroid.com\/la-lucid-air-dream-edition-r-offre-plus-de-750-km-dautonomie-bien-plus-que-la-tesla-model-s.html\" target=\"_blank\" rel=\"noopener\">Lire la suite&#8230;<\/a><\/p>\n","protected":false},"excerpt":{"rendered":"<p>&#8230; <a class=\"continue-reading-link\" href=\"https:\/\/www.evearly.news\/fr\/la-lucid-air-dream-edition-r-offre-plus-de-750-km-dautonomie-bien-plus-que-la-tesla-model-s\/\"><\/a><\/p>\n","protected":false},"author":17,"featured_media":0,"comment_status":"closed","ping_status":"closed","sticky":false,"template":"","format":"standard","meta":{"footnotes":""},"categories":[18],"tags":[],"class_list":["post-109062","post","type-post","status-publish","format-standard","hentry","category-phonandroid"],"_links":{"self":[{"href":"https:\/\/www.evearly.news\/fr\/wp-json\/wp\/v2\/posts\/109062","targetHints":{"allow":["GET"]}}],"collection":[{"href":"https:\/\/www.evearly.news\/fr\/wp-json\/wp\/v2\/posts"}],"about":[{"href":"https:\/\/www.evearly.news\/fr\/wp-json\/wp\/v2\/types\/post"}],"author":[{"embeddable":true,"href":"https:\/\/www.evearly.news\/fr\/wp-json\/wp\/v2\/users\/17"}],"replies":[{"embeddable":true,"href":"https:\/\/www.evearly.news\/fr\/wp-json\/wp\/v2\/comments?post=109062"}],"version-history":[{"count":0,"href":"https:\/\/www.evearly.news\/fr\/wp-json\/wp\/v2\/posts\/109062\/revisions"}],"wp:attachment":[{"href":"https:\/\/www.evearly.news\/fr\/wp-json\/wp\/v2\/media?parent=109062"}],"wp:term":[{"taxonomy":"category","embeddable":true,"href":"https:\/\/www.evearly.news\/fr\/wp-json\/wp\/v2\/categories?post=109062"},{"taxonomy":"post_tag","embeddable":true,"href":"https:\/\/www.evearly.news\/fr\/wp-json\/wp\/v2\/tags?post=109062"}],"curies":[{"name":"wp","href":"https:\/\/api.w.org\/{rel}","templated":true}]}}