{"id":109115,"date":"2021-08-27T17:48:34","date_gmt":"2021-08-27T15:48:34","guid":{"rendered":"https:\/\/www.avem.fr\/?p=45436"},"modified":"2023-08-17T17:29:52","modified_gmt":"2023-08-17T17:29:52","slug":"premier-salon-du-vehicule-electrique-en-cotes-darmor-17-19-09-2021","status":"publish","type":"post","link":"https:\/\/www.evearly.news\/fr\/premier-salon-du-vehicule-electrique-en-cotes-darmor-17-19-09-2021\/","title":{"rendered":"Premier salon du v\u00e9hicule \u00e9lectrique en C\u00f4tes-d\u2019Armor : 17-19\/09\/2021"},"content":{"rendered":"<p><img decoding=\"async\" width=\"1000\" height=\"563\" src=\"https:\/\/news.evearly.com\/wp-content\/uploads\/2021\/08\/premier-salon-du-vehicule-electrique-en-cotes-darmor-17-19-09-2021.jpg\" class=\"attachment-post-thumbnail size-post-thumbnail wp-post-image\" alt=\"\" loading=\"lazy\">Adh\u00e9rent \u00e0 l\u2019Avem qui soutient l\u2019\u00e9v\u00e9nement, La Voiture Electrique organise le 1er salon du VE des C\u00f4tes-d\u2019Armor. D\u00e9j\u00e0 plus de 30 mod\u00e8les sont annonc\u00e9s, qui seront expos\u00e9s sur le green du golf de Pl\u00e9neuf-Val-Andr\u00e9. Diverses animations seront propos\u00e9es pendant les 3 jours, dont certaines \u00e0 destination des professionnels. &nbsp; Kia [\u2026] <a href=\"https:\/\/www.avem.fr\/2021\/08\/27\/premier-salon-du-vehicule-electrique-en-cotes-darmor-17-19-09-2021\/\" target=\"_blank\" rel=\"noopener\">Lire la suite&#8230;<\/a><\/p>\n","protected":false},"excerpt":{"rendered":"<p> <img decoding=\"async\" width=\"1000\" height=\"563\" src=\"https:\/\/news.evearly.com\/wp-content\/uploads\/2021\/08\/premier-salon-du-vehicule-electrique-en-cotes-darmor-17-19-09-2021.jpg\" class=\"attachment-post-thumbnail size-post-thumbnail wp-post-image\" alt=\"\" loading=\"lazy\" \/>Adh\u00e9rent \u00e0 l\u2019Avem qui soutient l\u2019\u00e9v\u00e9nement, La Voiture Electrique organise le 1er salon du VE des C\u00f4tes-d\u2019Armor. D\u00e9j\u00e0 plus de 30 mod\u00e8les sont annonc\u00e9s, qui seront expos\u00e9s sur le green du golf de Pl\u00e9neuf-Val-Andr\u00e9. Diverses animations seront propos\u00e9es pendant les 3 jours, dont certaines \u00e0 destination des professionnels. \u00a0 Kia [\u2026]  <a class=\"continue-reading-link\" href=\"https:\/\/www.evearly.news\/fr\/premier-salon-du-vehicule-electrique-en-cotes-darmor-17-19-09-2021\/\"><\/a><\/p>\n","protected":false},"author":3,"featured_media":0,"comment_status":"closed","ping_status":"closed","sticky":false,"template":"","format":"standard","meta":{"footnotes":""},"categories":[3],"tags":[],"class_list":["post-109115","post","type-post","status-publish","format-standard","hentry","category-avem"],"_links":{"self":[{"href":"https:\/\/www.evearly.news\/fr\/wp-json\/wp\/v2\/posts\/109115","targetHints":{"allow":["GET"]}}],"collection":[{"href":"https:\/\/www.evearly.news\/fr\/wp-json\/wp\/v2\/posts"}],"about":[{"href":"https:\/\/www.evearly.news\/fr\/wp-json\/wp\/v2\/types\/post"}],"author":[{"embeddable":true,"href":"https:\/\/www.evearly.news\/fr\/wp-json\/wp\/v2\/users\/3"}],"replies":[{"embeddable":true,"href":"https:\/\/www.evearly.news\/fr\/wp-json\/wp\/v2\/comments?post=109115"}],"version-history":[{"count":1,"href":"https:\/\/www.evearly.news\/fr\/wp-json\/wp\/v2\/posts\/109115\/revisions"}],"predecessor-version":[{"id":255993,"href":"https:\/\/www.evearly.news\/fr\/wp-json\/wp\/v2\/posts\/109115\/revisions\/255993"}],"wp:attachment":[{"href":"https:\/\/www.evearly.news\/fr\/wp-json\/wp\/v2\/media?parent=109115"}],"wp:term":[{"taxonomy":"category","embeddable":true,"href":"https:\/\/www.evearly.news\/fr\/wp-json\/wp\/v2\/categories?post=109115"},{"taxonomy":"post_tag","embeddable":true,"href":"https:\/\/www.evearly.news\/fr\/wp-json\/wp\/v2\/tags?post=109115"}],"curies":[{"name":"wp","href":"https:\/\/api.w.org\/{rel}","templated":true}]}}