{"id":109256,"date":"2021-08-28T06:00:32","date_gmt":"2021-08-28T04:00:32","guid":{"rendered":"https:\/\/www.avem.fr\/?p=45431"},"modified":"2023-08-17T17:29:51","modified_gmt":"2023-08-17T17:29:51","slug":"opel-devoile-un-clone-de-la-citroen-ami","status":"publish","type":"post","link":"https:\/\/www.evearly.news\/fr\/opel-devoile-un-clone-de-la-citroen-ami\/","title":{"rendered":"Opel d\u00e9voile un clone de la Citro\u00ebn AMI"},"content":{"rendered":"\n<p><img decoding=\"async\" width=\"1000\" height=\"562\" src=\"https:\/\/news.evearly.com\/wp-content\/uploads\/2021\/08\/opel-devoile-un-clone-de-la-citroen-ami.jpg\" class=\"attachment-post-thumbnail size-post-thumbnail wp-post-image\" alt=\"\" loading=\"lazy\" \/>Opel vient de d\u00e9voiler son nouveau quadricycle 100% \u00e9lectrique d\u00e9nomm\u00e9 Rocks-e. Un v\u00e9hicule urbain ua-compact d\u2019entr\u00e9e de gamme qui comble le foss\u00e9 entre scooter et voiture particuli\u00e8re. Opel a trouv\u00e9 une appellation pour ce type de v\u00e9hicule\u00a0: \u201cSUM\u02dd (Sustainable Urban Mobility). Ce nouveau SUM a cependant des airs de d\u00e9j\u00e0 [\u2026] <a href=\"https:\/\/www.avem.fr\/2021\/08\/28\/opel-devoile-un-clone-de-la-citroen-ami\/\" target=\"_blank\" rel=\"noopener\">Lire la suite&#8230;<\/a><\/p>\n","protected":false},"excerpt":{"rendered":"<p> <img decoding=\"async\" width=\"1000\" height=\"562\" src=\"https:\/\/news.evearly.com\/wp-content\/uploads\/2021\/08\/opel-devoile-un-clone-de-la-citroen-ami.jpg\" class=\"attachment-post-thumbnail size-post-thumbnail wp-post-image\" alt=\"\" loading=\"lazy\" \/>Opel vient de d\u00e9voiler son nouveau quadricycle 100% \u00e9lectrique d\u00e9nomm\u00e9 Rocks-e. Un v\u00e9hicule urbain ua-compact d\u2019entr\u00e9e de gamme qui comble le foss\u00e9 entre scooter et voiture particuli\u00e8re. Opel a trouv\u00e9 une appellation pour ce type de v\u00e9hicule\u00a0: \u201cSUM\u02dd (Sustainable Urban Mobility). Ce nouveau SUM a cependant des airs de d\u00e9j\u00e0 [\u2026]  <a class=\"continue-reading-link\" href=\"https:\/\/www.evearly.news\/fr\/opel-devoile-un-clone-de-la-citroen-ami\/\"><\/a><\/p>\n","protected":false},"author":3,"featured_media":0,"comment_status":"closed","ping_status":"closed","sticky":false,"template":"","format":"standard","meta":{"footnotes":""},"categories":[3],"tags":[],"class_list":["post-109256","post","type-post","status-publish","format-standard","hentry","category-avem"],"_links":{"self":[{"href":"https:\/\/www.evearly.news\/fr\/wp-json\/wp\/v2\/posts\/109256","targetHints":{"allow":["GET"]}}],"collection":[{"href":"https:\/\/www.evearly.news\/fr\/wp-json\/wp\/v2\/posts"}],"about":[{"href":"https:\/\/www.evearly.news\/fr\/wp-json\/wp\/v2\/types\/post"}],"author":[{"embeddable":true,"href":"https:\/\/www.evearly.news\/fr\/wp-json\/wp\/v2\/users\/3"}],"replies":[{"embeddable":true,"href":"https:\/\/www.evearly.news\/fr\/wp-json\/wp\/v2\/comments?post=109256"}],"version-history":[{"count":1,"href":"https:\/\/www.evearly.news\/fr\/wp-json\/wp\/v2\/posts\/109256\/revisions"}],"predecessor-version":[{"id":255992,"href":"https:\/\/www.evearly.news\/fr\/wp-json\/wp\/v2\/posts\/109256\/revisions\/255992"}],"wp:attachment":[{"href":"https:\/\/www.evearly.news\/fr\/wp-json\/wp\/v2\/media?parent=109256"}],"wp:term":[{"taxonomy":"category","embeddable":true,"href":"https:\/\/www.evearly.news\/fr\/wp-json\/wp\/v2\/categories?post=109256"},{"taxonomy":"post_tag","embeddable":true,"href":"https:\/\/www.evearly.news\/fr\/wp-json\/wp\/v2\/tags?post=109256"}],"curies":[{"name":"wp","href":"https:\/\/api.w.org\/{rel}","templated":true}]}}