{"id":109275,"date":"2021-08-28T07:43:49","date_gmt":"2021-08-28T05:43:49","guid":{"rendered":"https:\/\/www.automobile-propre.com\/?post_type=breves&amp;p=123921"},"modified":"2021-08-28T07:43:49","modified_gmt":"2021-08-28T05:43:49","slug":"cupra-annonce-un-concept-de-citadine-electrique-completement-dement","status":"publish","type":"post","link":"https:\/\/www.evearly.news\/fr\/cupra-annonce-un-concept-de-citadine-electrique-completement-dement\/","title":{"rendered":"Cupra annonce un concept de citadine \u00e9lectrique compl\u00e8tement d\u00e9ment"},"content":{"rendered":"<p><img loading=\"lazy\" decoding=\"async\" class=\"attachment-medium size-medium wp-post-image lazyloaded\" src=\"https:\/\/www.automobile-propre.com\/wp-content\/uploads\/2021\/08\/cupra-urbanrevel-1200x741.jpg\" alt=\"\" width=\"1200\" height=\"741\" data-ll-status=\"loaded\" \/>Cupra est sur la voie de l&rsquo;\u00e9lectrification\u00a0: pour le salon de Munich, la marque espagnole pr\u00e9pare l\u2019UrbanRebel Concept \u00e0 l&rsquo;a\u00e9rodynamique hors normes. <a href=\"https:\/\/www.automobile-propre.com\/breves\/cupra-annonce-un-concept-de-citadine-electrique-completement-dement\/\">Lire la suite<\/a>&#8230;<\/p>\n\n\n<p><\/p>\n","protected":false},"excerpt":{"rendered":"<p> &#8230; <a class=\"continue-reading-link\" href=\"https:\/\/www.evearly.news\/fr\/cupra-annonce-un-concept-de-citadine-electrique-completement-dement\/\"><\/a><\/p>\n","protected":false},"author":8,"featured_media":0,"comment_status":"closed","ping_status":"closed","sticky":false,"template":"","format":"standard","meta":{"footnotes":""},"categories":[8],"tags":[],"class_list":["post-109275","post","type-post","status-publish","format-standard","hentry","category-automobile-propre"],"_links":{"self":[{"href":"https:\/\/www.evearly.news\/fr\/wp-json\/wp\/v2\/posts\/109275","targetHints":{"allow":["GET"]}}],"collection":[{"href":"https:\/\/www.evearly.news\/fr\/wp-json\/wp\/v2\/posts"}],"about":[{"href":"https:\/\/www.evearly.news\/fr\/wp-json\/wp\/v2\/types\/post"}],"author":[{"embeddable":true,"href":"https:\/\/www.evearly.news\/fr\/wp-json\/wp\/v2\/users\/8"}],"replies":[{"embeddable":true,"href":"https:\/\/www.evearly.news\/fr\/wp-json\/wp\/v2\/comments?post=109275"}],"version-history":[{"count":0,"href":"https:\/\/www.evearly.news\/fr\/wp-json\/wp\/v2\/posts\/109275\/revisions"}],"wp:attachment":[{"href":"https:\/\/www.evearly.news\/fr\/wp-json\/wp\/v2\/media?parent=109275"}],"wp:term":[{"taxonomy":"category","embeddable":true,"href":"https:\/\/www.evearly.news\/fr\/wp-json\/wp\/v2\/categories?post=109275"},{"taxonomy":"post_tag","embeddable":true,"href":"https:\/\/www.evearly.news\/fr\/wp-json\/wp\/v2\/tags?post=109275"}],"curies":[{"name":"wp","href":"https:\/\/api.w.org\/{rel}","templated":true}]}}