{"id":126756,"date":"2021-10-11T18:00:00","date_gmt":"2021-10-11T16:00:00","guid":{"rendered":"http:\/\/tag:typepad.com,2003:post-6a00d8341bfe5d53ef0282e1284853200b"},"modified":"2021-10-11T18:00:00","modified_gmt":"2021-10-11T16:00:00","slug":"tribune-eaton-pallier-laugmentation-des-prix-de-lenergie-grace-a-lautoconsommation","status":"publish","type":"post","link":"https:\/\/www.evearly.news\/fr\/tribune-eaton-pallier-laugmentation-des-prix-de-lenergie-grace-a-lautoconsommation\/","title":{"rendered":"Tribune Eaton : Pallier l\u2019augmentation des prix de l\u2019\u00e9nergie gr\u00e2ce \u00e0 l\u2019autoconsommation"},"content":{"rendered":"\n<p>&lt;img alt=&quot;Christophe_Bourgueil_Eaton_560&quot; class=&quot;asset asset-image at-xid-6a00d8341bfe5d53ef0282e128483f200b img-responsive&quot; src=&quot;https:\/\/news.evearly.com\/wp-content\/uploads\/2021\/10\/tribune-eaton-pallier-laugmentation-des-prix-de-lenergie-grace-a-lautoconsommation.jpg&quot; style=&quot;width: 560px;&quot; title=&quot;Christophe_Bourgueil_Eaton_560&quot; \/<br \/>La flamb\u00e9e des prix de l\u2019\u00e9nergie et notamment du gaz, dont le tarif a \u00e9t\u00e9 quadrupl\u00e9 sur les march\u00e9s internationaux, inqui\u00e8te les particuliers et questionne les entreprises, face \u00e0 une situation qui tend \u00e0 s\u2019installer. Si le gouvernement a d\u00e9j\u00e0&#8230;&#160;&#160;&#160;&#160;<a href=\"https:\/\/feeds.feedblitz.com\/~\/669487974\/0\/tecsol~Tribune-Eaton-Pallier-l%e2%80%99augmentation-des-prix-de-l%e2%80%99%c3%a9nergie-gr%c3%a2ce-%c3%a0-l%e2%80%99autoconsommation.html\" target='bwindow' rel=\"noopener\">Lire la suite&#8230;<\/a><\/p>\n","protected":false},"excerpt":{"rendered":"<p>&#8230; <a class=\"continue-reading-link\" href=\"https:\/\/www.evearly.news\/fr\/tribune-eaton-pallier-laugmentation-des-prix-de-lenergie-grace-a-lautoconsommation\/\"><\/a><\/p>\n","protected":false},"author":25,"featured_media":0,"comment_status":"closed","ping_status":"closed","sticky":false,"template":"","format":"standard","meta":{"footnotes":""},"categories":[22],"tags":[],"class_list":["post-126756","post","type-post","status-publish","format-standard","hentry","category-tecsol"],"_links":{"self":[{"href":"https:\/\/www.evearly.news\/fr\/wp-json\/wp\/v2\/posts\/126756","targetHints":{"allow":["GET"]}}],"collection":[{"href":"https:\/\/www.evearly.news\/fr\/wp-json\/wp\/v2\/posts"}],"about":[{"href":"https:\/\/www.evearly.news\/fr\/wp-json\/wp\/v2\/types\/post"}],"author":[{"embeddable":true,"href":"https:\/\/www.evearly.news\/fr\/wp-json\/wp\/v2\/users\/25"}],"replies":[{"embeddable":true,"href":"https:\/\/www.evearly.news\/fr\/wp-json\/wp\/v2\/comments?post=126756"}],"version-history":[{"count":0,"href":"https:\/\/www.evearly.news\/fr\/wp-json\/wp\/v2\/posts\/126756\/revisions"}],"wp:attachment":[{"href":"https:\/\/www.evearly.news\/fr\/wp-json\/wp\/v2\/media?parent=126756"}],"wp:term":[{"taxonomy":"category","embeddable":true,"href":"https:\/\/www.evearly.news\/fr\/wp-json\/wp\/v2\/categories?post=126756"},{"taxonomy":"post_tag","embeddable":true,"href":"https:\/\/www.evearly.news\/fr\/wp-json\/wp\/v2\/tags?post=126756"}],"curies":[{"name":"wp","href":"https:\/\/api.w.org\/{rel}","templated":true}]}}