{"id":136604,"date":"2021-11-09T11:08:22","date_gmt":"2021-11-09T10:08:22","guid":{"rendered":"https:\/\/www.frandroid.com\/?p=1119569"},"modified":"2021-11-09T11:08:22","modified_gmt":"2021-11-09T10:08:22","slug":"kia-ev9-il-arrive-attendez-vous-a-un-grand-suv-electrique-de-7-places","status":"publish","type":"post","link":"https:\/\/www.evearly.news\/fr\/kia-ev9-il-arrive-attendez-vous-a-un-grand-suv-electrique-de-7-places\/","title":{"rendered":"Kia\u00a0EV9\u00a0: il arrive, attendez-vous \u00e0 un grand SUV \u00e9lectrique de 7\u00a0places"},"content":{"rendered":"\n<p><img decoding=\"async\" aria-describedby=\"caption-attachment-1119587\" loading=\"lazy\" class=\"size-large wp-image-1119587\" src=\"https:\/\/news.evearly.com\/wp-content\/uploads\/2021\/11\/kia-ev9-il-arrive-attendez-vous-a-un-grand-suv-electrique-de-7-places.jpg\" alt=\"Kia EV9\" width=\"1200\" height=\"747\" \/><br \/>Le Kia\u00a0EV9 va faire l\u2019objet d\u2019une pr\u00e9sentation sous forme de concept d\u00e8s le jeudi\u00a011\u00a0novembre. Il pr\u00e9figurera un futur SUV \u00e9lectrique probablement de 7\u00a0places, aux mensurations forc\u00e9ment plus grandes que celles de l\u2019EV6.Le Plan S de Kia prend petit \u00e0 petit forme. D\u00e9voil\u00e9 en septembre 2020, ce programme d\u2019\u00e9lectrification vise \u00e0 lancer sept nouveaux mod\u00e8les branch\u00e9s [\u2026] <a href=\"https:\/\/www.frandroid.com\/marques\/kia\/1119569_kia-ev9-il-arrive-attendez-vous-a-un-grand-suv-electrique-de-7-places\" target=\"_blank\" rel=\"noopener\">Lire la suite&#8230;<\/a><\/p>\n","protected":false},"excerpt":{"rendered":"<p>&#8230; <a class=\"continue-reading-link\" href=\"https:\/\/www.evearly.news\/fr\/kia-ev9-il-arrive-attendez-vous-a-un-grand-suv-electrique-de-7-places\/\"><\/a><\/p>\n","protected":false},"author":6,"featured_media":136605,"comment_status":"closed","ping_status":"closed","sticky":false,"template":"","format":"standard","meta":{"footnotes":""},"categories":[14],"tags":[],"class_list":["post-136604","post","type-post","status-publish","format-standard","has-post-thumbnail","hentry","category-frandroid"],"_links":{"self":[{"href":"https:\/\/www.evearly.news\/fr\/wp-json\/wp\/v2\/posts\/136604","targetHints":{"allow":["GET"]}}],"collection":[{"href":"https:\/\/www.evearly.news\/fr\/wp-json\/wp\/v2\/posts"}],"about":[{"href":"https:\/\/www.evearly.news\/fr\/wp-json\/wp\/v2\/types\/post"}],"author":[{"embeddable":true,"href":"https:\/\/www.evearly.news\/fr\/wp-json\/wp\/v2\/users\/6"}],"replies":[{"embeddable":true,"href":"https:\/\/www.evearly.news\/fr\/wp-json\/wp\/v2\/comments?post=136604"}],"version-history":[{"count":0,"href":"https:\/\/www.evearly.news\/fr\/wp-json\/wp\/v2\/posts\/136604\/revisions"}],"wp:featuredmedia":[{"embeddable":true,"href":"https:\/\/www.evearly.news\/fr\/wp-json\/"}],"wp:attachment":[{"href":"https:\/\/www.evearly.news\/fr\/wp-json\/wp\/v2\/media?parent=136604"}],"wp:term":[{"taxonomy":"category","embeddable":true,"href":"https:\/\/www.evearly.news\/fr\/wp-json\/wp\/v2\/categories?post=136604"},{"taxonomy":"post_tag","embeddable":true,"href":"https:\/\/www.evearly.news\/fr\/wp-json\/wp\/v2\/tags?post=136604"}],"curies":[{"name":"wp","href":"https:\/\/api.w.org\/{rel}","templated":true}]}}