{"id":148479,"date":"2021-12-15T16:57:23","date_gmt":"2021-12-15T15:57:23","guid":{"rendered":"https:\/\/www.auto-moto.com\/?p=306023"},"modified":"2021-12-15T16:57:23","modified_gmt":"2021-12-15T15:57:23","slug":"mercedes-eqe-suv-lelectrique-en-test-dans-la-neige","status":"publish","type":"post","link":"https:\/\/www.evearly.news\/fr\/mercedes-eqe-suv-lelectrique-en-test-dans-la-neige\/","title":{"rendered":"Mercedes EQE SUV : l\u2019\u00e9lectrique en test dans la neige"},"content":{"rendered":"<div class=\"media_block\"><img decoding=\"async\" src=\"https:\/\/news.evearly.com\/wp-content\/uploads\/2021\/12\/mercedes-eqe-suv-lelectrique-en-test-dans-la-neige.jpg\"><\/div>\n<p><img \/> <br \/>Mercedes s\u2019appr\u00eate \u00e0 ajouter un nouveau mod\u00e8le dans sa gamme \u00e9lectrique EQ, avec l\u2019EQE SUV. Le mod\u00e8le a \u00e9t\u00e9 crois\u00e9 en test dans des conditions climatiques extr\u00eames. <a href=\"https:\/\/www.auto-moto.com\/nouveautes\/scoop\/mercedes-eqe-suv-lelectrique-test-neige-306023.html?utm_source=rss_feed&amp;utm_medium=link&amp;utm_campaign=unknown\" target='bwindow' rel=\"noopener\">Lire la suite&#8230;<\/a><\/p>\n","protected":false},"excerpt":{"rendered":"<p> Mercedes s\u2019appr\u00eate \u00e0 ajouter un nouveau mod\u00e8le dans sa gamme \u00e9lectrique EQ, avec l\u2019EQE SUV. Le mod\u00e8le a \u00e9t\u00e9 crois\u00e9 en test dans des conditions climatiques extr\u00eames. &#8230; <a class=\"continue-reading-link\" href=\"https:\/\/www.evearly.news\/fr\/mercedes-eqe-suv-lelectrique-en-test-dans-la-neige\/\"><\/a><\/p>\n","protected":false},"author":9,"featured_media":0,"comment_status":"closed","ping_status":"closed","sticky":false,"template":"","format":"standard","meta":{"footnotes":""},"categories":[10],"tags":[],"class_list":["post-148479","post","type-post","status-publish","format-standard","hentry","category-auto-moto-com"],"_links":{"self":[{"href":"https:\/\/www.evearly.news\/fr\/wp-json\/wp\/v2\/posts\/148479","targetHints":{"allow":["GET"]}}],"collection":[{"href":"https:\/\/www.evearly.news\/fr\/wp-json\/wp\/v2\/posts"}],"about":[{"href":"https:\/\/www.evearly.news\/fr\/wp-json\/wp\/v2\/types\/post"}],"author":[{"embeddable":true,"href":"https:\/\/www.evearly.news\/fr\/wp-json\/wp\/v2\/users\/9"}],"replies":[{"embeddable":true,"href":"https:\/\/www.evearly.news\/fr\/wp-json\/wp\/v2\/comments?post=148479"}],"version-history":[{"count":0,"href":"https:\/\/www.evearly.news\/fr\/wp-json\/wp\/v2\/posts\/148479\/revisions"}],"wp:attachment":[{"href":"https:\/\/www.evearly.news\/fr\/wp-json\/wp\/v2\/media?parent=148479"}],"wp:term":[{"taxonomy":"category","embeddable":true,"href":"https:\/\/www.evearly.news\/fr\/wp-json\/wp\/v2\/categories?post=148479"},{"taxonomy":"post_tag","embeddable":true,"href":"https:\/\/www.evearly.news\/fr\/wp-json\/wp\/v2\/tags?post=148479"}],"curies":[{"name":"wp","href":"https:\/\/api.w.org\/{rel}","templated":true}]}}