{"id":149228,"date":"2021-12-20T11:00:27","date_gmt":"2021-12-20T10:00:27","guid":{"rendered":"https:\/\/www.automobile-propre.com\/?p=130969"},"modified":"2021-12-20T11:00:27","modified_gmt":"2021-12-20T10:00:27","slug":"essai-citroen-e-c4-le-suv-compact-electrique-teste-sur-1-000-km","status":"publish","type":"post","link":"https:\/\/www.evearly.news\/fr\/essai-citroen-e-c4-le-suv-compact-electrique-teste-sur-1-000-km\/","title":{"rendered":"Essai Citro\u00ebn\u00a0\u00eb-C4\u00a0: le SUV compact \u00e9lectrique test\u00e9 sur 1\u00a0000\u00a0km"},"content":{"rendered":"\n<p><img loading=\"lazy\" decoding=\"async\" width=\"500\" height=\"333\" src=\"https:\/\/news.evearly.com\/wp-content\/uploads\/2021\/12\/essai-citroen-e-c4-le-suv-compact-electrique-teste-sur-1-000-km.jpg\" class=\"attachment-186x124 size-186x124 wp-post-image\" alt=\"\" \/><br \/>\nPour sa troisi\u00e8me g\u00e9n\u00e9ration, la Citro\u00ebn C4 a troqu\u00e9 la tenue de berline compacte pour celle d\u2019un petit SUV, au moins sur le papier. Et surtout, la Fran\u00e7aise se d\u00e9cline pour la premi\u00e8re fois en version \u00e9lectrique, baptis\u00e9e \u00eb-C4, que nous avons test\u00e9e sur 1 000 km. <a href=\"https:\/\/www.automobile-propre.com\/essai-citroen-e-c4-le-suv-compact-electrique-teste-sur-1-000-km\/\" target='bwindow' rel=\"noopener\">Lire la suite&#8230;<\/a><\/p>\n","protected":false},"excerpt":{"rendered":"<p>\nPour sa troisi\u00e8me g\u00e9n\u00e9ration, la Citro\u00ebn C4 a troqu\u00e9 la tenue de berline compacte pour celle d\u2019un petit SUV, au moins sur le papier. Et surtout, la Fran\u00e7aise se d\u00e9cline pour la premi\u00e8re fois en version \u00e9lectrique, baptis\u00e9e \u00eb-C4, que nous avons test\u00e9e sur 1 000 km.  &#8230; <a class=\"continue-reading-link\" href=\"https:\/\/www.evearly.news\/fr\/essai-citroen-e-c4-le-suv-compact-electrique-teste-sur-1-000-km\/\"><\/a><\/p>\n","protected":false},"author":8,"featured_media":0,"comment_status":"closed","ping_status":"closed","sticky":false,"template":"","format":"standard","meta":{"footnotes":""},"categories":[8],"tags":[],"class_list":["post-149228","post","type-post","status-publish","format-standard","hentry","category-automobile-propre"],"_links":{"self":[{"href":"https:\/\/www.evearly.news\/fr\/wp-json\/wp\/v2\/posts\/149228","targetHints":{"allow":["GET"]}}],"collection":[{"href":"https:\/\/www.evearly.news\/fr\/wp-json\/wp\/v2\/posts"}],"about":[{"href":"https:\/\/www.evearly.news\/fr\/wp-json\/wp\/v2\/types\/post"}],"author":[{"embeddable":true,"href":"https:\/\/www.evearly.news\/fr\/wp-json\/wp\/v2\/users\/8"}],"replies":[{"embeddable":true,"href":"https:\/\/www.evearly.news\/fr\/wp-json\/wp\/v2\/comments?post=149228"}],"version-history":[{"count":0,"href":"https:\/\/www.evearly.news\/fr\/wp-json\/wp\/v2\/posts\/149228\/revisions"}],"wp:attachment":[{"href":"https:\/\/www.evearly.news\/fr\/wp-json\/wp\/v2\/media?parent=149228"}],"wp:term":[{"taxonomy":"category","embeddable":true,"href":"https:\/\/www.evearly.news\/fr\/wp-json\/wp\/v2\/categories?post=149228"},{"taxonomy":"post_tag","embeddable":true,"href":"https:\/\/www.evearly.news\/fr\/wp-json\/wp\/v2\/tags?post=149228"}],"curies":[{"name":"wp","href":"https:\/\/api.w.org\/{rel}","templated":true}]}}