{"id":149446,"date":"2021-12-20T17:30:00","date_gmt":"2021-12-20T16:30:00","guid":{"rendered":"http:\/\/tag:typepad.com,2003:post-6a00d8341bfe5d53ef0282e13a2ffd200b"},"modified":"2021-12-20T17:30:00","modified_gmt":"2021-12-20T16:30:00","slug":"nouvelle-caledonie-totalenergies-et-prony-resources-new-caledonia-sassocient-au-travers-dun-projet-pv-de-160-mw","status":"publish","type":"post","link":"https:\/\/www.evearly.news\/fr\/nouvelle-caledonie-totalenergies-et-prony-resources-new-caledonia-sassocient-au-travers-dun-projet-pv-de-160-mw\/","title":{"rendered":"Nouvelle-Cal\u00e9donie : TotalEnergies et Prony Resources New Caledonia s\u2019associent au travers d\u2019un projet PV de 160 MW"},"content":{"rendered":"\n<p>&lt;img alt=&quot;TotalEnergie_Boulouparis&quot; class=&quot;asset asset-image at-xid-6a00d8341bfe5d53ef02942f8f59dc200c img-responsive&quot; src=&quot;https:\/\/news.evearly.com\/wp-content\/uploads\/2021\/12\/nouvelle-caledonie-totalenergies-et-prony-resources-new-caledonia-sassocient-au-travers-dun-projet-pv-de-160-mw.jpg&quot; style=&quot;width: 560px;&quot; title=&quot;TotalEnergie_Boulouparis&quot; \/<br \/>TotalEnergies va d\u00e9velopper en Nouvelle Cal\u00e9donie un ensemble de projets photovolta\u00efques et de stockage visant \u00e0 fournir, au travers d\u2019un contrat d\u2019achat d\u2019\u00e9lectricit\u00e9 renouvelable (PPA) d\u2019une dur\u00e9e de 25 ans, l\u2019\u00e9lectricit\u00e9 d\u00e9carbon\u00e9e, n\u00e9cessaire aux activit\u00e9s industrielles du consortium minier et&#8230;&#160;&#160;&#160;&#160;<a href=\"https:\/\/feeds.feedblitz.com\/~\/675666794\/0\/tecsol~NouvelleCal%c3%a9donie-TotalEnergies-et-Prony-Resources-New-Caledonia-s%e2%80%99associent-au-travers-d%e2%80%99un-projet-PV-de-MW.html\" target='bwindow' rel=\"noopener\">Lire la suite&#8230;<\/a><\/p>\n","protected":false},"excerpt":{"rendered":"<p>&#8230; <a class=\"continue-reading-link\" href=\"https:\/\/www.evearly.news\/fr\/nouvelle-caledonie-totalenergies-et-prony-resources-new-caledonia-sassocient-au-travers-dun-projet-pv-de-160-mw\/\"><\/a><\/p>\n","protected":false},"author":25,"featured_media":0,"comment_status":"closed","ping_status":"closed","sticky":false,"template":"","format":"standard","meta":{"footnotes":""},"categories":[22],"tags":[],"class_list":["post-149446","post","type-post","status-publish","format-standard","hentry","category-tecsol"],"_links":{"self":[{"href":"https:\/\/www.evearly.news\/fr\/wp-json\/wp\/v2\/posts\/149446","targetHints":{"allow":["GET"]}}],"collection":[{"href":"https:\/\/www.evearly.news\/fr\/wp-json\/wp\/v2\/posts"}],"about":[{"href":"https:\/\/www.evearly.news\/fr\/wp-json\/wp\/v2\/types\/post"}],"author":[{"embeddable":true,"href":"https:\/\/www.evearly.news\/fr\/wp-json\/wp\/v2\/users\/25"}],"replies":[{"embeddable":true,"href":"https:\/\/www.evearly.news\/fr\/wp-json\/wp\/v2\/comments?post=149446"}],"version-history":[{"count":0,"href":"https:\/\/www.evearly.news\/fr\/wp-json\/wp\/v2\/posts\/149446\/revisions"}],"wp:attachment":[{"href":"https:\/\/www.evearly.news\/fr\/wp-json\/wp\/v2\/media?parent=149446"}],"wp:term":[{"taxonomy":"category","embeddable":true,"href":"https:\/\/www.evearly.news\/fr\/wp-json\/wp\/v2\/categories?post=149446"},{"taxonomy":"post_tag","embeddable":true,"href":"https:\/\/www.evearly.news\/fr\/wp-json\/wp\/v2\/tags?post=149446"}],"curies":[{"name":"wp","href":"https:\/\/api.w.org\/{rel}","templated":true}]}}