{"id":153683,"date":"2022-01-13T15:45:00","date_gmt":"2022-01-13T14:45:00","guid":{"rendered":"https:\/\/www.automobile-magazine.fr\/toute-l-actualite\/article\/32269-peugeot-e-308-jusqua-400-km-dautonomie-pour-la-compacte-electrique"},"modified":"2023-08-17T05:01:28","modified_gmt":"2023-08-17T05:01:28","slug":"peugeot-e-308-jusqua-400-km-dautonomie-pour-la-compacte-electrique","status":"publish","type":"post","link":"https:\/\/www.evearly.news\/fr\/peugeot-e-308-jusqua-400-km-dautonomie-pour-la-compacte-electrique\/","title":{"rendered":"Peugeot e-308 : jusqu&rsquo;\u00e0 400 km d\u2019autonomie pour la compacte \u00e9lectrique ?"},"content":{"rendered":"<div class=\"media_block\"><img decoding=\"async\" src=\"https:\/\/news.evearly.com\/wp-content\/uploads\/2022\/01\/peugeot-e-308-jusqua-400-km-dautonomie-pour-la-compacte-electrique.jpg\"><\/div>\n<p> A en croire certaines rumeurs, la future Peugeot e-308 \u00e9lectrique pourrait b\u00e9n\u00e9ficier d\u2019un moteur et d\u2019une batterie in\u00e9dits, avec une autonomie de pr\u00e8s de 400 km \u00e0 la cl\u00e9. <a href=\"https:\/\/www.automobile-magazine.fr\/toute-l-actualite\/article\/32269-peugeot-e-308-jusqua-400-km-dautonomie-pour-la-compacte-electrique\" target='bwindow' rel=\"noopener\">Lire la suite&#8230;<\/a> <\/p>\n","protected":false},"excerpt":{"rendered":"<p>&#8230; <a class=\"continue-reading-link\" href=\"https:\/\/www.evearly.news\/fr\/peugeot-e-308-jusqua-400-km-dautonomie-pour-la-compacte-electrique\/\"><\/a><\/p>\n","protected":false},"author":7,"featured_media":0,"comment_status":"closed","ping_status":"closed","sticky":false,"template":"","format":"standard","meta":{"footnotes":""},"categories":[7],"tags":[],"class_list":["post-153683","post","type-post","status-publish","format-standard","hentry","category-automobile-magazine"],"_links":{"self":[{"href":"https:\/\/www.evearly.news\/fr\/wp-json\/wp\/v2\/posts\/153683","targetHints":{"allow":["GET"]}}],"collection":[{"href":"https:\/\/www.evearly.news\/fr\/wp-json\/wp\/v2\/posts"}],"about":[{"href":"https:\/\/www.evearly.news\/fr\/wp-json\/wp\/v2\/types\/post"}],"author":[{"embeddable":true,"href":"https:\/\/www.evearly.news\/fr\/wp-json\/wp\/v2\/users\/7"}],"replies":[{"embeddable":true,"href":"https:\/\/www.evearly.news\/fr\/wp-json\/wp\/v2\/comments?post=153683"}],"version-history":[{"count":1,"href":"https:\/\/www.evearly.news\/fr\/wp-json\/wp\/v2\/posts\/153683\/revisions"}],"predecessor-version":[{"id":253919,"href":"https:\/\/www.evearly.news\/fr\/wp-json\/wp\/v2\/posts\/153683\/revisions\/253919"}],"wp:attachment":[{"href":"https:\/\/www.evearly.news\/fr\/wp-json\/wp\/v2\/media?parent=153683"}],"wp:term":[{"taxonomy":"category","embeddable":true,"href":"https:\/\/www.evearly.news\/fr\/wp-json\/wp\/v2\/categories?post=153683"},{"taxonomy":"post_tag","embeddable":true,"href":"https:\/\/www.evearly.news\/fr\/wp-json\/wp\/v2\/tags?post=153683"}],"curies":[{"name":"wp","href":"https:\/\/api.w.org\/{rel}","templated":true}]}}