{"id":153818,"date":"2022-01-13T17:00:00","date_gmt":"2022-01-13T16:00:00","guid":{"rendered":"https:\/\/www.automobile-magazine.fr\/toute-l-actualite\/article\/32270-renault-sera-une-marque-100-electrique-des-2030"},"modified":"2023-08-17T05:01:27","modified_gmt":"2023-08-17T05:01:27","slug":"renault-sera-une-marque-100-electrique-des-2030","status":"publish","type":"post","link":"https:\/\/www.evearly.news\/fr\/renault-sera-une-marque-100-electrique-des-2030\/","title":{"rendered":"Renault sera une marque 100% \u00e9lectrique d\u00e8s 2030"},"content":{"rendered":"<div class=\"media_block\"><img decoding=\"async\" src=\"https:\/\/news.evearly.com\/wp-content\/uploads\/2022\/01\/renault-sera-une-marque-100-electrique-des-2030.jpg\"><\/div>\n<p> Luca de Meo, le PDG de Renault, a confirm\u00e9 que la marque ne proposera plus que de l&rsquo;\u00e9lectrique \u00e0 partir de 2030. Un changement de plan, alors qu&rsquo;Emmanuel Macron compte demander une d\u00e9rogation pour les hybrides \u00e0 l&rsquo;Europe. <a href=\"https:\/\/www.automobile-magazine.fr\/toute-l-actualite\/article\/32270-renault-sera-une-marque-100-electrique-des-2030\" target='bwindow' rel=\"noopener\">Lire la suite&#8230;<\/a> <\/p>\n","protected":false},"excerpt":{"rendered":"<p>&#8230; <a class=\"continue-reading-link\" href=\"https:\/\/www.evearly.news\/fr\/renault-sera-une-marque-100-electrique-des-2030\/\"><\/a><\/p>\n","protected":false},"author":7,"featured_media":0,"comment_status":"closed","ping_status":"closed","sticky":false,"template":"","format":"standard","meta":{"footnotes":""},"categories":[7],"tags":[],"class_list":["post-153818","post","type-post","status-publish","format-standard","hentry","category-automobile-magazine"],"_links":{"self":[{"href":"https:\/\/www.evearly.news\/fr\/wp-json\/wp\/v2\/posts\/153818","targetHints":{"allow":["GET"]}}],"collection":[{"href":"https:\/\/www.evearly.news\/fr\/wp-json\/wp\/v2\/posts"}],"about":[{"href":"https:\/\/www.evearly.news\/fr\/wp-json\/wp\/v2\/types\/post"}],"author":[{"embeddable":true,"href":"https:\/\/www.evearly.news\/fr\/wp-json\/wp\/v2\/users\/7"}],"replies":[{"embeddable":true,"href":"https:\/\/www.evearly.news\/fr\/wp-json\/wp\/v2\/comments?post=153818"}],"version-history":[{"count":1,"href":"https:\/\/www.evearly.news\/fr\/wp-json\/wp\/v2\/posts\/153818\/revisions"}],"predecessor-version":[{"id":253918,"href":"https:\/\/www.evearly.news\/fr\/wp-json\/wp\/v2\/posts\/153818\/revisions\/253918"}],"wp:attachment":[{"href":"https:\/\/www.evearly.news\/fr\/wp-json\/wp\/v2\/media?parent=153818"}],"wp:term":[{"taxonomy":"category","embeddable":true,"href":"https:\/\/www.evearly.news\/fr\/wp-json\/wp\/v2\/categories?post=153818"},{"taxonomy":"post_tag","embeddable":true,"href":"https:\/\/www.evearly.news\/fr\/wp-json\/wp\/v2\/tags?post=153818"}],"curies":[{"name":"wp","href":"https:\/\/api.w.org\/{rel}","templated":true}]}}