{"id":155752,"date":"2022-01-24T19:00:55","date_gmt":"2022-01-24T18:00:55","guid":{"rendered":"https:\/\/www.automobile-propre.com\/?post_type=breves&amp;p=134916"},"modified":"2022-01-24T19:00:55","modified_gmt":"2022-01-24T18:00:55","slug":"les-premieres-tesla-europeennes-vont-enfin-etre-livrees","status":"publish","type":"post","link":"https:\/\/www.evearly.news\/fr\/les-premieres-tesla-europeennes-vont-enfin-etre-livrees\/","title":{"rendered":"Les premi\u00e8res Tesla europ\u00e9ennes vont (enfin) \u00eatre livr\u00e9es"},"content":{"rendered":"\n<p><img loading=\"lazy\" decoding=\"async\" width=\"500\" height=\"333\" src=\"https:\/\/news.evearly.com\/wp-content\/uploads\/2022\/01\/les-premieres-tesla-europeennes-vont-enfin-etre-livrees.jpg\" class=\"attachment-186x124 size-186x124 wp-post-image\" alt=\"tesla Supercharger\" \/><br \/>\nDans un mail adress\u00e9 en interne, la marque am\u00e9ricaine a confirm\u00e9 que les premiers Model Y issus de sa Gigafactory de Berlin seront livr\u00e9s en mars sur le Vieux Continent. <a href=\"https:\/\/www.automobile-propre.com\/breves\/les-premieres-tesla-europeennes-vont-enfin-etre-livrees\/\" target='bwindow' rel=\"noopener\">Lire la suite&#8230;<\/a><\/p>\n","protected":false},"excerpt":{"rendered":"<p>\nDans un mail adress\u00e9 en interne, la marque am\u00e9ricaine a confirm\u00e9 que les premiers Model Y issus de sa Gigafactory de Berlin seront livr\u00e9s en mars sur le Vieux Continent.  &#8230; <a class=\"continue-reading-link\" href=\"https:\/\/www.evearly.news\/fr\/les-premieres-tesla-europeennes-vont-enfin-etre-livrees\/\"><\/a><\/p>\n","protected":false},"author":8,"featured_media":0,"comment_status":"closed","ping_status":"closed","sticky":false,"template":"","format":"standard","meta":{"footnotes":""},"categories":[8],"tags":[],"class_list":["post-155752","post","type-post","status-publish","format-standard","hentry","category-automobile-propre"],"_links":{"self":[{"href":"https:\/\/www.evearly.news\/fr\/wp-json\/wp\/v2\/posts\/155752","targetHints":{"allow":["GET"]}}],"collection":[{"href":"https:\/\/www.evearly.news\/fr\/wp-json\/wp\/v2\/posts"}],"about":[{"href":"https:\/\/www.evearly.news\/fr\/wp-json\/wp\/v2\/types\/post"}],"author":[{"embeddable":true,"href":"https:\/\/www.evearly.news\/fr\/wp-json\/wp\/v2\/users\/8"}],"replies":[{"embeddable":true,"href":"https:\/\/www.evearly.news\/fr\/wp-json\/wp\/v2\/comments?post=155752"}],"version-history":[{"count":0,"href":"https:\/\/www.evearly.news\/fr\/wp-json\/wp\/v2\/posts\/155752\/revisions"}],"wp:attachment":[{"href":"https:\/\/www.evearly.news\/fr\/wp-json\/wp\/v2\/media?parent=155752"}],"wp:term":[{"taxonomy":"category","embeddable":true,"href":"https:\/\/www.evearly.news\/fr\/wp-json\/wp\/v2\/categories?post=155752"},{"taxonomy":"post_tag","embeddable":true,"href":"https:\/\/www.evearly.news\/fr\/wp-json\/wp\/v2\/tags?post=155752"}],"curies":[{"name":"wp","href":"https:\/\/api.w.org\/{rel}","templated":true}]}}