{"id":155832,"date":"2022-01-25T06:00:48","date_gmt":"2022-01-25T05:00:48","guid":{"rendered":"https:\/\/www.avem.fr\/?p=47251"},"modified":"2023-08-17T18:54:50","modified_gmt":"2023-08-17T18:54:50","slug":"notre-essai-du-tesla-model-y-la-magie-est-toujours-la","status":"publish","type":"post","link":"https:\/\/www.evearly.news\/fr\/notre-essai-du-tesla-model-y-la-magie-est-toujours-la\/","title":{"rendered":"Notre essai du Tesla Model Y : La magie est toujours l\u00e0 !"},"content":{"rendered":"\n<p><img decoding=\"async\" width=\"1000\" height=\"563\" src=\"https:\/\/news.evearly.com\/wp-content\/uploads\/2022\/01\/notre-essai-du-tesla-model-y-la-magie-est-toujours-la.jpg\" class=\"attachment-post-thumbnail size-post-thumbnail wp-post-image\" alt=\"essai Tesla Model Y\" loading=\"lazy\" \/>Sp\u00e9cialis\u00e9 dans la location et la vente de VE, notre adh\u00e9rent La Voiture Electrique, install\u00e9 \u00e0 Saint-Brieuc (22), vient de recevoir un Tesla Model Y. Un grand merci \u00e0 Gabin et Sabine de nous l\u2019avoir propos\u00e9 \u00e0 l\u2019essai. \u00a0 \u00a0 Sur la base de la Model 3 Le Model Y [\u2026] <a href=\"https:\/\/www.avem.fr\/2022\/01\/25\/notre-essai-du-tesla-model-y-la-magie-est-toujours-la\/\" target=\"_blank\" rel=\"noopener\">Lire la suite&#8230;<\/a><\/p>\n","protected":false},"excerpt":{"rendered":"<p> <img decoding=\"async\" width=\"1000\" height=\"563\" src=\"https:\/\/news.evearly.com\/wp-content\/uploads\/2022\/01\/notre-essai-du-tesla-model-y-la-magie-est-toujours-la.jpg\" class=\"attachment-post-thumbnail size-post-thumbnail wp-post-image\" alt=\"essai Tesla Model Y\" loading=\"lazy\" \/>Sp\u00e9cialis\u00e9 dans la location et la vente de VE, notre adh\u00e9rent La Voiture Electrique, install\u00e9 \u00e0 Saint-Brieuc (22), vient de recevoir un Tesla Model Y. Un grand merci \u00e0 Gabin et Sabine de nous l\u2019avoir propos\u00e9 \u00e0 l\u2019essai. \u00a0 \u00a0 Sur la base de la Model 3 Le Model Y [\u2026]  <a class=\"continue-reading-link\" href=\"https:\/\/www.evearly.news\/fr\/notre-essai-du-tesla-model-y-la-magie-est-toujours-la\/\"><\/a><\/p>\n","protected":false},"author":3,"featured_media":0,"comment_status":"closed","ping_status":"closed","sticky":false,"template":"","format":"standard","meta":{"footnotes":""},"categories":[3],"tags":[],"class_list":["post-155832","post","type-post","status-publish","format-standard","hentry","category-avem"],"_links":{"self":[{"href":"https:\/\/www.evearly.news\/fr\/wp-json\/wp\/v2\/posts\/155832","targetHints":{"allow":["GET"]}}],"collection":[{"href":"https:\/\/www.evearly.news\/fr\/wp-json\/wp\/v2\/posts"}],"about":[{"href":"https:\/\/www.evearly.news\/fr\/wp-json\/wp\/v2\/types\/post"}],"author":[{"embeddable":true,"href":"https:\/\/www.evearly.news\/fr\/wp-json\/wp\/v2\/users\/3"}],"replies":[{"embeddable":true,"href":"https:\/\/www.evearly.news\/fr\/wp-json\/wp\/v2\/comments?post=155832"}],"version-history":[{"count":1,"href":"https:\/\/www.evearly.news\/fr\/wp-json\/wp\/v2\/posts\/155832\/revisions"}],"predecessor-version":[{"id":256869,"href":"https:\/\/www.evearly.news\/fr\/wp-json\/wp\/v2\/posts\/155832\/revisions\/256869"}],"wp:attachment":[{"href":"https:\/\/www.evearly.news\/fr\/wp-json\/wp\/v2\/media?parent=155832"}],"wp:term":[{"taxonomy":"category","embeddable":true,"href":"https:\/\/www.evearly.news\/fr\/wp-json\/wp\/v2\/categories?post=155832"},{"taxonomy":"post_tag","embeddable":true,"href":"https:\/\/www.evearly.news\/fr\/wp-json\/wp\/v2\/tags?post=155832"}],"curies":[{"name":"wp","href":"https:\/\/api.w.org\/{rel}","templated":true}]}}