{"id":155838,"date":"2022-01-25T08:30:01","date_gmt":"2022-01-25T07:30:01","guid":{"rendered":"https:\/\/www.automobile-propre.com\/?post_type=breves&amp;p=134909"},"modified":"2022-01-25T08:30:01","modified_gmt":"2022-01-25T07:30:01","slug":"nio-et5-elle-arrive-en-2023-en-europe-et-en-france","status":"publish","type":"post","link":"https:\/\/www.evearly.news\/fr\/nio-et5-elle-arrive-en-2023-en-europe-et-en-france\/","title":{"rendered":"Nio\u00a0ET5\u00a0: elle arrive en 2023 en Europe, et en France\u00a0?"},"content":{"rendered":"\n<p><img loading=\"lazy\" decoding=\"async\" width=\"500\" height=\"333\" src=\"https:\/\/news.evearly.com\/wp-content\/uploads\/2022\/01\/nio-et5-elle-arrive-en-2023-en-europe-et-en-france.jpg\" class=\"attachment-186x124 size-186x124 wp-post-image\" alt=\"Nio ET5\" \/><br \/>\nPr\u00e9sent\u00e9e en d\u00e9cembre\u00a02021, la berline Nio\u00a0ET5 sera commercialis\u00e9e en Chine avant la fin\u00a02022. Et puisque Nio commence \u00e0 d\u00e9ployer ses ailes sur notre continent, elle d\u00e9barquera dans la foul\u00e9e. Son arriv\u00e9e en Europe est ainsi pr\u00e9vue au printemps\u00a02023. <a href=\"https:\/\/www.automobile-propre.com\/breves\/nio-et5-elle-arrive-en-2023-en-europe-et-en-france\/\" target='bwindow' rel=\"noopener\">Lire la suite&#8230;<\/a><\/p>\n","protected":false},"excerpt":{"rendered":"<p>\nPr\u00e9sent\u00e9e en d\u00e9cembre\u00a02021, la berline Nio\u00a0ET5 sera commercialis\u00e9e en Chine avant la fin\u00a02022. Et puisque Nio commence \u00e0 d\u00e9ployer ses ailes sur notre continent, elle d\u00e9barquera dans la foul\u00e9e. Son arriv\u00e9e en Europe est ainsi pr\u00e9vue au printemps\u00a02023.  &#8230; <a class=\"continue-reading-link\" href=\"https:\/\/www.evearly.news\/fr\/nio-et5-elle-arrive-en-2023-en-europe-et-en-france\/\"><\/a><\/p>\n","protected":false},"author":8,"featured_media":0,"comment_status":"closed","ping_status":"closed","sticky":false,"template":"","format":"standard","meta":{"footnotes":""},"categories":[8],"tags":[],"class_list":["post-155838","post","type-post","status-publish","format-standard","hentry","category-automobile-propre"],"_links":{"self":[{"href":"https:\/\/www.evearly.news\/fr\/wp-json\/wp\/v2\/posts\/155838","targetHints":{"allow":["GET"]}}],"collection":[{"href":"https:\/\/www.evearly.news\/fr\/wp-json\/wp\/v2\/posts"}],"about":[{"href":"https:\/\/www.evearly.news\/fr\/wp-json\/wp\/v2\/types\/post"}],"author":[{"embeddable":true,"href":"https:\/\/www.evearly.news\/fr\/wp-json\/wp\/v2\/users\/8"}],"replies":[{"embeddable":true,"href":"https:\/\/www.evearly.news\/fr\/wp-json\/wp\/v2\/comments?post=155838"}],"version-history":[{"count":0,"href":"https:\/\/www.evearly.news\/fr\/wp-json\/wp\/v2\/posts\/155838\/revisions"}],"wp:attachment":[{"href":"https:\/\/www.evearly.news\/fr\/wp-json\/wp\/v2\/media?parent=155838"}],"wp:term":[{"taxonomy":"category","embeddable":true,"href":"https:\/\/www.evearly.news\/fr\/wp-json\/wp\/v2\/categories?post=155838"},{"taxonomy":"post_tag","embeddable":true,"href":"https:\/\/www.evearly.news\/fr\/wp-json\/wp\/v2\/tags?post=155838"}],"curies":[{"name":"wp","href":"https:\/\/api.w.org\/{rel}","templated":true}]}}