{"id":155841,"date":"2022-01-25T08:30:00","date_gmt":"2022-01-25T07:30:00","guid":{"rendered":"https:\/\/www.automobile-magazine.fr\/toute-l-actualite\/article\/32384-50-ans-de-la-renault-5-un-concept-et-des-expos-annonces"},"modified":"2023-08-17T05:01:04","modified_gmt":"2023-08-17T05:01:04","slug":"50-ans-de-la-renault-5-un-concept-et-des-expos-annonces","status":"publish","type":"post","link":"https:\/\/www.evearly.news\/fr\/50-ans-de-la-renault-5-un-concept-et-des-expos-annonces\/","title":{"rendered":"50 ans de la Renault 5 : un concept et des expos annonc\u00e9s"},"content":{"rendered":"<div class=\"media_block\"><img decoding=\"async\" src=\"https:\/\/news.evearly.com\/wp-content\/uploads\/2022\/01\/50-ans-de-la-renault-5-un-concept-et-des-expos-annonces.jpg\"><\/div>\n<p> Renault d\u00e9roule le calendrier des festivit\u00e9s relatives au 50\u00e8me anniversaire de la R5. Expositions, concept-car, animations et produits d\u00e9riv\u00e9s sont au menu. <a href=\"https:\/\/www.automobile-magazine.fr\/toute-l-actualite\/article\/32384-50-ans-de-la-renault-5-un-concept-et-des-expos-annonces\" target='bwindow' rel=\"noopener\">Lire la suite&#8230;<\/a> <\/p>\n","protected":false},"excerpt":{"rendered":"<p>&#8230; <a class=\"continue-reading-link\" href=\"https:\/\/www.evearly.news\/fr\/50-ans-de-la-renault-5-un-concept-et-des-expos-annonces\/\"><\/a><\/p>\n","protected":false},"author":7,"featured_media":0,"comment_status":"closed","ping_status":"closed","sticky":false,"template":"","format":"standard","meta":{"footnotes":""},"categories":[7],"tags":[],"class_list":["post-155841","post","type-post","status-publish","format-standard","hentry","category-automobile-magazine"],"_links":{"self":[{"href":"https:\/\/www.evearly.news\/fr\/wp-json\/wp\/v2\/posts\/155841","targetHints":{"allow":["GET"]}}],"collection":[{"href":"https:\/\/www.evearly.news\/fr\/wp-json\/wp\/v2\/posts"}],"about":[{"href":"https:\/\/www.evearly.news\/fr\/wp-json\/wp\/v2\/types\/post"}],"author":[{"embeddable":true,"href":"https:\/\/www.evearly.news\/fr\/wp-json\/wp\/v2\/users\/7"}],"replies":[{"embeddable":true,"href":"https:\/\/www.evearly.news\/fr\/wp-json\/wp\/v2\/comments?post=155841"}],"version-history":[{"count":1,"href":"https:\/\/www.evearly.news\/fr\/wp-json\/wp\/v2\/posts\/155841\/revisions"}],"predecessor-version":[{"id":253898,"href":"https:\/\/www.evearly.news\/fr\/wp-json\/wp\/v2\/posts\/155841\/revisions\/253898"}],"wp:attachment":[{"href":"https:\/\/www.evearly.news\/fr\/wp-json\/wp\/v2\/media?parent=155841"}],"wp:term":[{"taxonomy":"category","embeddable":true,"href":"https:\/\/www.evearly.news\/fr\/wp-json\/wp\/v2\/categories?post=155841"},{"taxonomy":"post_tag","embeddable":true,"href":"https:\/\/www.evearly.news\/fr\/wp-json\/wp\/v2\/tags?post=155841"}],"curies":[{"name":"wp","href":"https:\/\/api.w.org\/{rel}","templated":true}]}}