{"id":157754,"date":"2022-02-02T18:13:41","date_gmt":"2022-02-02T17:13:41","guid":{"rendered":"https:\/\/www.auto-moto.com\/?p=317379"},"modified":"2022-02-02T18:13:41","modified_gmt":"2022-02-02T17:13:41","slug":"tesla-model-2-pourquoi-on-nen-reparlera-pas-de-sitot","status":"publish","type":"post","link":"https:\/\/www.evearly.news\/fr\/tesla-model-2-pourquoi-on-nen-reparlera-pas-de-sitot\/","title":{"rendered":"Tesla Model 2 : pourquoi on n\u2019en reparlera pas de sit\u00f4t ?"},"content":{"rendered":"<div class=\"media_block\"><img decoding=\"async\" src=\"https:\/\/news.evearly.com\/wp-content\/uploads\/2022\/02\/tesla-model-2-pourquoi-on-nen-reparlera-pas-de-sitot.jpg\" \/><\/div>\n<p>L&rsquo;Arl\u00e9sienne fait souvent reparler d&rsquo;elle, sans donner de v\u00e9ritable calendrier. D\u00e8s lors, quand peut r\u00e9ellement esp\u00e9rer voir arriver la Tesla Model 2 ? <a href=\"https:\/\/www.auto-moto.com\/nouveautes\/scoop\/tesla-model-2-pourquoi-on-nen-reparlera-pas-de-sitot-317379.html?utm_source=rss_feed&amp;utm_medium=link&amp;utm_campaign=unknown\" target=\"bwindow\" rel=\"noopener\">Lire la suite&#8230;<\/a><\/p>\n","protected":false},"excerpt":{"rendered":"<p> L&rsquo;Arl\u00e9sienne fait souvent reparler d&rsquo;elle, sans donner de v\u00e9ritable calendrier. D\u00e8s lors, quand peut r\u00e9ellement esp\u00e9rer voir arriver la Tesla Model 2 ? &#8230; <a class=\"continue-reading-link\" href=\"https:\/\/www.evearly.news\/fr\/tesla-model-2-pourquoi-on-nen-reparlera-pas-de-sitot\/\"><\/a><\/p>\n","protected":false},"author":9,"featured_media":0,"comment_status":"closed","ping_status":"closed","sticky":false,"template":"","format":"standard","meta":{"footnotes":""},"categories":[10],"tags":[],"class_list":["post-157754","post","type-post","status-publish","format-standard","hentry","category-auto-moto-com"],"_links":{"self":[{"href":"https:\/\/www.evearly.news\/fr\/wp-json\/wp\/v2\/posts\/157754","targetHints":{"allow":["GET"]}}],"collection":[{"href":"https:\/\/www.evearly.news\/fr\/wp-json\/wp\/v2\/posts"}],"about":[{"href":"https:\/\/www.evearly.news\/fr\/wp-json\/wp\/v2\/types\/post"}],"author":[{"embeddable":true,"href":"https:\/\/www.evearly.news\/fr\/wp-json\/wp\/v2\/users\/9"}],"replies":[{"embeddable":true,"href":"https:\/\/www.evearly.news\/fr\/wp-json\/wp\/v2\/comments?post=157754"}],"version-history":[{"count":0,"href":"https:\/\/www.evearly.news\/fr\/wp-json\/wp\/v2\/posts\/157754\/revisions"}],"wp:attachment":[{"href":"https:\/\/www.evearly.news\/fr\/wp-json\/wp\/v2\/media?parent=157754"}],"wp:term":[{"taxonomy":"category","embeddable":true,"href":"https:\/\/www.evearly.news\/fr\/wp-json\/wp\/v2\/categories?post=157754"},{"taxonomy":"post_tag","embeddable":true,"href":"https:\/\/www.evearly.news\/fr\/wp-json\/wp\/v2\/tags?post=157754"}],"curies":[{"name":"wp","href":"https:\/\/api.w.org\/{rel}","templated":true}]}}