{"id":163843,"date":"2022-03-09T12:00:03","date_gmt":"2022-03-09T11:00:03","guid":{"rendered":"https:\/\/www.frandroid.com\/?p=1256593"},"modified":"2022-03-09T12:00:03","modified_gmt":"2022-03-09T11:00:03","slug":"genesis-gv60-le-suv-electrique-devoile-deja-ses-prix-pour-leurope","status":"publish","type":"post","link":"https:\/\/www.evearly.news\/fr\/genesis-gv60-le-suv-electrique-devoile-deja-ses-prix-pour-leurope\/","title":{"rendered":"Genesis GV60 : le SUV \u00e9lectrique d\u00e9voile d\u00e9j\u00e0 ses prix pour l\u2019Europe"},"content":{"rendered":"\n<p><img decoding=\"async\" loading=\"lazy\" class=\"alignnone size-medium wp-image-1235981\" src=\"https:\/\/news.evearly.com\/wp-content\/uploads\/2022\/03\/genesis-gv60-le-suv-electrique-devoile-deja-ses-prix-pour-leurope.jpg\" alt=\"\" width=\"1200\" height=\"800\" \/><br \/>Commercialis\u00e9 en Europe d\u2019ici \u00e0 la fin de l\u2019ann\u00e9e, le nouveau Genesis GV60 d\u00e9voile d\u00e9j\u00e0 ses tarifs pour les deux versions les plus sportives. Il y a quelques mois encore, on ne savait m\u00eame pas que Genesis pr\u00e9parait un mod\u00e8le \u00e9lectrique, et encore moins qu\u2019il allait d\u00e9barquer chez nous d\u2019ici \u00e0 la fin de l\u2019ann\u00e9e. [\u2026] <a href=\"https:\/\/www.frandroid.com\/produits-android\/1256593_genesis-gv60-le-suv-electrique-devoile-deja-ses-prix-pour-leurope\" target=\"_blank\" rel=\"noopener\">Lire la suite&#8230;<\/a><\/p>\n","protected":false},"excerpt":{"rendered":"<p>&#8230; <a class=\"continue-reading-link\" href=\"https:\/\/www.evearly.news\/fr\/genesis-gv60-le-suv-electrique-devoile-deja-ses-prix-pour-leurope\/\"><\/a><\/p>\n","protected":false},"author":6,"featured_media":163844,"comment_status":"closed","ping_status":"closed","sticky":false,"template":"","format":"standard","meta":{"footnotes":""},"categories":[14],"tags":[],"class_list":["post-163843","post","type-post","status-publish","format-standard","has-post-thumbnail","hentry","category-frandroid"],"_links":{"self":[{"href":"https:\/\/www.evearly.news\/fr\/wp-json\/wp\/v2\/posts\/163843","targetHints":{"allow":["GET"]}}],"collection":[{"href":"https:\/\/www.evearly.news\/fr\/wp-json\/wp\/v2\/posts"}],"about":[{"href":"https:\/\/www.evearly.news\/fr\/wp-json\/wp\/v2\/types\/post"}],"author":[{"embeddable":true,"href":"https:\/\/www.evearly.news\/fr\/wp-json\/wp\/v2\/users\/6"}],"replies":[{"embeddable":true,"href":"https:\/\/www.evearly.news\/fr\/wp-json\/wp\/v2\/comments?post=163843"}],"version-history":[{"count":0,"href":"https:\/\/www.evearly.news\/fr\/wp-json\/wp\/v2\/posts\/163843\/revisions"}],"wp:featuredmedia":[{"embeddable":true,"href":"https:\/\/www.evearly.news\/fr\/wp-json\/"}],"wp:attachment":[{"href":"https:\/\/www.evearly.news\/fr\/wp-json\/wp\/v2\/media?parent=163843"}],"wp:term":[{"taxonomy":"category","embeddable":true,"href":"https:\/\/www.evearly.news\/fr\/wp-json\/wp\/v2\/categories?post=163843"},{"taxonomy":"post_tag","embeddable":true,"href":"https:\/\/www.evearly.news\/fr\/wp-json\/wp\/v2\/tags?post=163843"}],"curies":[{"name":"wp","href":"https:\/\/api.w.org\/{rel}","templated":true}]}}