{"id":166729,"date":"2022-03-24T08:05:38","date_gmt":"2022-03-24T07:05:38","guid":{"rendered":"https:\/\/www.avere-france.org\/?p=9130"},"modified":"2022-03-24T08:05:38","modified_gmt":"2022-03-24T07:05:38","slug":"mix-e-un-nouveau-salon-dedie-au-mix-energie-bas-carbone","status":"publish","type":"post","link":"https:\/\/www.evearly.news\/fr\/mix-e-un-nouveau-salon-dedie-au-mix-energie-bas-carbone\/","title":{"rendered":"MIX.E : un nouveau salon d\u00e9di\u00e9 au mix \u00e9nergie bas carbone"},"content":{"rendered":"\n<p><img decoding=\"async\" src=\"https:\/\/news.evearly.com\/wp-content\/uploads\/2022\/03\/mix-e-un-nouveau-salon-dedie-au-mix-energie-bas-carbone.jpg\"><br \/>La d\u00e9carbonation des transports est devenue un enjeu de tous les instants. Pour preuve, les \u00e9v\u00e9nements en la mati\u00e8re se multiplient. C&rsquo;est d&rsquo;ailleurs cette ann\u00e9e, du 13 au 14 avril 2022, que se tiendra, \u00e0 Lyon, la premi\u00e8re \u00e9dition de MIX.E, le salon d\u00e9di\u00e9 au mix \u00e9nergie bas carbone. <a href=\"https:\/\/www.avere-france.org\/mix-e-un-nouveau-salon-dedie-au-mix-energie-bas-carbone\/\" target='bwindow' rel=\"noopener\">Lire la suite&#8230;<\/a><\/p>\n","protected":false},"excerpt":{"rendered":"<p>&#8230; <a class=\"continue-reading-link\" href=\"https:\/\/www.evearly.news\/fr\/mix-e-un-nouveau-salon-dedie-au-mix-energie-bas-carbone\/\"><\/a><\/p>\n","protected":false},"author":10,"featured_media":0,"comment_status":"closed","ping_status":"closed","sticky":false,"template":"","format":"standard","meta":{"footnotes":""},"categories":[9],"tags":[],"class_list":["post-166729","post","type-post","status-publish","format-standard","hentry","category-avere-france"],"_links":{"self":[{"href":"https:\/\/www.evearly.news\/fr\/wp-json\/wp\/v2\/posts\/166729","targetHints":{"allow":["GET"]}}],"collection":[{"href":"https:\/\/www.evearly.news\/fr\/wp-json\/wp\/v2\/posts"}],"about":[{"href":"https:\/\/www.evearly.news\/fr\/wp-json\/wp\/v2\/types\/post"}],"author":[{"embeddable":true,"href":"https:\/\/www.evearly.news\/fr\/wp-json\/wp\/v2\/users\/10"}],"replies":[{"embeddable":true,"href":"https:\/\/www.evearly.news\/fr\/wp-json\/wp\/v2\/comments?post=166729"}],"version-history":[{"count":0,"href":"https:\/\/www.evearly.news\/fr\/wp-json\/wp\/v2\/posts\/166729\/revisions"}],"wp:attachment":[{"href":"https:\/\/www.evearly.news\/fr\/wp-json\/wp\/v2\/media?parent=166729"}],"wp:term":[{"taxonomy":"category","embeddable":true,"href":"https:\/\/www.evearly.news\/fr\/wp-json\/wp\/v2\/categories?post=166729"},{"taxonomy":"post_tag","embeddable":true,"href":"https:\/\/www.evearly.news\/fr\/wp-json\/wp\/v2\/tags?post=166729"}],"curies":[{"name":"wp","href":"https:\/\/api.w.org\/{rel}","templated":true}]}}