{"id":167596,"date":"2022-03-29T15:35:19","date_gmt":"2022-03-29T13:35:19","guid":{"rendered":"https:\/\/www.avere-france.org\/?p=9161"},"modified":"2022-03-29T15:35:19","modified_gmt":"2022-03-29T13:35:19","slug":"lavere-france-sassocie-avec-la-fnaim-lunis-et-la-fnar-pour-former-les-professionnels-de-limmobilier-a-la-mobilite-electrique","status":"publish","type":"post","link":"https:\/\/www.evearly.news\/fr\/lavere-france-sassocie-avec-la-fnaim-lunis-et-la-fnar-pour-former-les-professionnels-de-limmobilier-a-la-mobilite-electrique\/","title":{"rendered":"L\u2019Avere-France s\u2019associe avec la FNAIM, l\u2019UNIS et la Fnar pour former les professionnels de l\u2019immobilier \u00e0 la mobilit\u00e9 \u00e9lectrique"},"content":{"rendered":"\n<p><img decoding=\"async\" src=\"https:\/\/news.evearly.com\/wp-content\/uploads\/2022\/03\/lavere-france-sassocie-avec-la-fnaim-lunis-et-la-fnar-pour-former-les-professionnels-de-limmobilier-a-la-mobilite-electrique.jpg\"><br \/>L\u2019Avere-France (Association nationale pour le d\u00e9veloppement de la mobilit\u00e9 \u00e9lectrique), la FNAIM (F\u00e9d\u00e9ration Nationale de l\u2019Immobilier), l\u2019UNIS (Union des syndicats des professionnels de l&rsquo;immobilier) et la Fnar (F\u00e9d\u00e9ration Nationale des Associations R\u00e9gionales HLM) ont sign\u00e9 une convention de partenariat pour organiser plus de 300 sessions de formation \u00e0 la mobilit\u00e9 \u00e9lectrique, \u00e0 destination des syndics de copropri\u00e9t\u00e9 et des bailleurs sociaux. Ces sessions auront lieu dans le cadre d\u2019Advenir Formations, le programme d\u2019information pour acc\u00e9l\u00e9rer le passage \u00e0 la mobilit\u00e9 \u00e9lectrique en France. <a href=\"https:\/\/www.avere-france.org\/lavere-france-sassocie-avec-la-fnaim-lunis-et-la-fnar-pour-former-les-professionnels-de-limmobilier-a-la-mobilite-electrique\/\" target='bwindow' rel=\"noopener\">Lire la suite&#8230;<\/a><\/p>\n","protected":false},"excerpt":{"rendered":"<p>&#8230; <a class=\"continue-reading-link\" href=\"https:\/\/www.evearly.news\/fr\/lavere-france-sassocie-avec-la-fnaim-lunis-et-la-fnar-pour-former-les-professionnels-de-limmobilier-a-la-mobilite-electrique\/\"><\/a><\/p>\n","protected":false},"author":10,"featured_media":0,"comment_status":"closed","ping_status":"closed","sticky":false,"template":"","format":"standard","meta":{"footnotes":""},"categories":[9],"tags":[],"class_list":["post-167596","post","type-post","status-publish","format-standard","hentry","category-avere-france"],"_links":{"self":[{"href":"https:\/\/www.evearly.news\/fr\/wp-json\/wp\/v2\/posts\/167596","targetHints":{"allow":["GET"]}}],"collection":[{"href":"https:\/\/www.evearly.news\/fr\/wp-json\/wp\/v2\/posts"}],"about":[{"href":"https:\/\/www.evearly.news\/fr\/wp-json\/wp\/v2\/types\/post"}],"author":[{"embeddable":true,"href":"https:\/\/www.evearly.news\/fr\/wp-json\/wp\/v2\/users\/10"}],"replies":[{"embeddable":true,"href":"https:\/\/www.evearly.news\/fr\/wp-json\/wp\/v2\/comments?post=167596"}],"version-history":[{"count":0,"href":"https:\/\/www.evearly.news\/fr\/wp-json\/wp\/v2\/posts\/167596\/revisions"}],"wp:attachment":[{"href":"https:\/\/www.evearly.news\/fr\/wp-json\/wp\/v2\/media?parent=167596"}],"wp:term":[{"taxonomy":"category","embeddable":true,"href":"https:\/\/www.evearly.news\/fr\/wp-json\/wp\/v2\/categories?post=167596"},{"taxonomy":"post_tag","embeddable":true,"href":"https:\/\/www.evearly.news\/fr\/wp-json\/wp\/v2\/tags?post=167596"}],"curies":[{"name":"wp","href":"https:\/\/api.w.org\/{rel}","templated":true}]}}