{"id":168028,"date":"2022-03-31T16:42:18","date_gmt":"2022-03-31T14:42:18","guid":{"rendered":"https:\/\/www.avere-france.org\/?p=9190"},"modified":"2022-03-31T16:42:18","modified_gmt":"2022-03-31T14:42:18","slug":"carrefour-vise-5-000-points-de-recharge-dici-2025","status":"publish","type":"post","link":"https:\/\/www.evearly.news\/fr\/carrefour-vise-5-000-points-de-recharge-dici-2025\/","title":{"rendered":"Carrefour vise 5 000 points de recharge d\u2019ici 2025"},"content":{"rendered":"\n<p><img decoding=\"async\" src=\"https:\/\/news.evearly.com\/wp-content\/uploads\/2022\/03\/carrefour-vise-5-000-points-de-recharge-dici-2025.jpg\"><br \/>D\u00e9ploy\u00e9 en partenariat avec Allego et Driveco dans les hypermarch\u00e9s et supermarch\u00e9s du groupe, le service Carrefour Energies proposera de la recharge acc\u00e9l\u00e9r\u00e9e et rapide. <a href=\"https:\/\/www.avere-france.org\/carrefour-vise-5-000-points-de-recharge-dici-2025\/\" target='bwindow' rel=\"noopener\">Lire la suite&#8230;<\/a><\/p>\n","protected":false},"excerpt":{"rendered":"<p>&#8230; <a class=\"continue-reading-link\" href=\"https:\/\/www.evearly.news\/fr\/carrefour-vise-5-000-points-de-recharge-dici-2025\/\"><\/a><\/p>\n","protected":false},"author":10,"featured_media":0,"comment_status":"closed","ping_status":"closed","sticky":false,"template":"","format":"standard","meta":{"footnotes":""},"categories":[9],"tags":[],"class_list":["post-168028","post","type-post","status-publish","format-standard","hentry","category-avere-france"],"_links":{"self":[{"href":"https:\/\/www.evearly.news\/fr\/wp-json\/wp\/v2\/posts\/168028","targetHints":{"allow":["GET"]}}],"collection":[{"href":"https:\/\/www.evearly.news\/fr\/wp-json\/wp\/v2\/posts"}],"about":[{"href":"https:\/\/www.evearly.news\/fr\/wp-json\/wp\/v2\/types\/post"}],"author":[{"embeddable":true,"href":"https:\/\/www.evearly.news\/fr\/wp-json\/wp\/v2\/users\/10"}],"replies":[{"embeddable":true,"href":"https:\/\/www.evearly.news\/fr\/wp-json\/wp\/v2\/comments?post=168028"}],"version-history":[{"count":0,"href":"https:\/\/www.evearly.news\/fr\/wp-json\/wp\/v2\/posts\/168028\/revisions"}],"wp:attachment":[{"href":"https:\/\/www.evearly.news\/fr\/wp-json\/wp\/v2\/media?parent=168028"}],"wp:term":[{"taxonomy":"category","embeddable":true,"href":"https:\/\/www.evearly.news\/fr\/wp-json\/wp\/v2\/categories?post=168028"},{"taxonomy":"post_tag","embeddable":true,"href":"https:\/\/www.evearly.news\/fr\/wp-json\/wp\/v2\/tags?post=168028"}],"curies":[{"name":"wp","href":"https:\/\/api.w.org\/{rel}","templated":true}]}}