{"id":169703,"date":"2022-04-11T08:45:07","date_gmt":"2022-04-11T06:45:07","guid":{"rendered":"https:\/\/www.avere-france.org\/?p=9319"},"modified":"2022-04-11T08:45:07","modified_gmt":"2022-04-11T06:45:07","slug":"emmanuel-macron-marine-le-pen-quels-sont-les-programmes-des-deux-candidats-pour-la-mobilite-electrique","status":"publish","type":"post","link":"https:\/\/www.evearly.news\/fr\/emmanuel-macron-marine-le-pen-quels-sont-les-programmes-des-deux-candidats-pour-la-mobilite-electrique\/","title":{"rendered":"Emmanuel Macron, Marine Le Pen : quels sont les programmes des deux candidats pour la mobilit\u00e9 \u00e9lectrique ?"},"content":{"rendered":"\n<p><img decoding=\"async\" src=\"https:\/\/news.evearly.com\/wp-content\/uploads\/2022\/04\/emmanuel-macron-marine-le-pen-quels-sont-les-programmes-des-deux-candidats-pour-la-mobilite-electrique.jpg\"><br \/>Apr\u00e8s plusieurs semaines de campagne, le premier tour de l\u2019\u00e9lection pr\u00e9sidentielle 2022 a eu lieu ce dimanche et a propuls\u00e9 au second tour Emmanuel Macron, pr\u00e9sident sortant et candidat de La R\u00e9publique en Marche (LREM), et Marine Le Pen, candidate du Rassemblement National (RN). Si les deux n\u2019envisagent pas de la m\u00eame mani\u00e8re le d\u00e9veloppement des v\u00e9hicules \u00e9lectriques \u00e0 batteries ou encore des ZFE, ils partagent des ambitions similaires s\u2019agissant de la mont\u00e9e en puissance de la fili\u00e8re hydrog\u00e8ne. <a href=\"https:\/\/www.avere-france.org\/emmanuel-macron-marine-le-pen-quels-sont-les-programmes-des-deux-candidats-pour-la-mobilite-electrique\/\" target='bwindow' rel=\"noopener\">Lire la suite&#8230;<\/a><\/p>\n","protected":false},"excerpt":{"rendered":"<p>&#8230; <a class=\"continue-reading-link\" href=\"https:\/\/www.evearly.news\/fr\/emmanuel-macron-marine-le-pen-quels-sont-les-programmes-des-deux-candidats-pour-la-mobilite-electrique\/\"><\/a><\/p>\n","protected":false},"author":10,"featured_media":0,"comment_status":"closed","ping_status":"closed","sticky":false,"template":"","format":"standard","meta":{"footnotes":""},"categories":[9],"tags":[],"class_list":["post-169703","post","type-post","status-publish","format-standard","hentry","category-avere-france"],"_links":{"self":[{"href":"https:\/\/www.evearly.news\/fr\/wp-json\/wp\/v2\/posts\/169703","targetHints":{"allow":["GET"]}}],"collection":[{"href":"https:\/\/www.evearly.news\/fr\/wp-json\/wp\/v2\/posts"}],"about":[{"href":"https:\/\/www.evearly.news\/fr\/wp-json\/wp\/v2\/types\/post"}],"author":[{"embeddable":true,"href":"https:\/\/www.evearly.news\/fr\/wp-json\/wp\/v2\/users\/10"}],"replies":[{"embeddable":true,"href":"https:\/\/www.evearly.news\/fr\/wp-json\/wp\/v2\/comments?post=169703"}],"version-history":[{"count":0,"href":"https:\/\/www.evearly.news\/fr\/wp-json\/wp\/v2\/posts\/169703\/revisions"}],"wp:attachment":[{"href":"https:\/\/www.evearly.news\/fr\/wp-json\/wp\/v2\/media?parent=169703"}],"wp:term":[{"taxonomy":"category","embeddable":true,"href":"https:\/\/www.evearly.news\/fr\/wp-json\/wp\/v2\/categories?post=169703"},{"taxonomy":"post_tag","embeddable":true,"href":"https:\/\/www.evearly.news\/fr\/wp-json\/wp\/v2\/tags?post=169703"}],"curies":[{"name":"wp","href":"https:\/\/api.w.org\/{rel}","templated":true}]}}