{"id":170512,"date":"2022-04-15T09:45:56","date_gmt":"2022-04-15T07:45:56","guid":{"rendered":"https:\/\/www.frandroid.com\/?p=1300535"},"modified":"2022-04-15T09:45:56","modified_gmt":"2022-04-15T07:45:56","slug":"la-voiture-mondiale-de-lannee-est-electrique-mais-nest-pas-americaine","status":"publish","type":"post","link":"https:\/\/www.evearly.news\/fr\/la-voiture-mondiale-de-lannee-est-electrique-mais-nest-pas-americaine\/","title":{"rendered":"La voiture mondiale de l\u2019ann\u00e9e est \u00e9lectrique, mais n\u2019est pas am\u00e9ricaine"},"content":{"rendered":"\n<p><img decoding=\"async\" loading=\"lazy\" class=\"size-medium wp-image-845155\" src=\"https:\/\/news.evearly.com\/wp-content\/uploads\/2022\/04\/la-voiture-mondiale-de-lannee-est-electrique-mais-nest-pas-americaine.jpg\" alt=\"Hyundai IONIQ 5\" width=\"928\" height=\"523\"><br \/>La Hyundai Ioniq 5 vient officiellement d\u2019\u00eatre sacr\u00e9e voiture mondiale de l\u2019ann\u00e9e. Et elle ne se contente pas que d\u2019un seul prix.Tous les ans, de nombreux concours ont lieu, afin de r\u00e9compenser les nouveaut\u00e9s automobile. On pense bien s\u00fbr \u00e0 la plus belle voiture de l\u2019ann\u00e9e ou encore le troph\u00e9e europ\u00e9en de la voiture de [\u2026] <a href=\"https:\/\/www.frandroid.com\/marques\/hyundai\/1300535_la-voiture-mondiale-de-lannee-est-electrique-et-nest-pas-americaine\" target=\"_blank\" rel=\"noopener\">Lire la suite&#8230;<\/a><\/p>\n","protected":false},"excerpt":{"rendered":"<p>&#8230; <a class=\"continue-reading-link\" href=\"https:\/\/www.evearly.news\/fr\/la-voiture-mondiale-de-lannee-est-electrique-mais-nest-pas-americaine\/\"><\/a><\/p>\n","protected":false},"author":6,"featured_media":170513,"comment_status":"closed","ping_status":"closed","sticky":false,"template":"","format":"standard","meta":{"footnotes":""},"categories":[14],"tags":[],"class_list":["post-170512","post","type-post","status-publish","format-standard","has-post-thumbnail","hentry","category-frandroid"],"_links":{"self":[{"href":"https:\/\/www.evearly.news\/fr\/wp-json\/wp\/v2\/posts\/170512","targetHints":{"allow":["GET"]}}],"collection":[{"href":"https:\/\/www.evearly.news\/fr\/wp-json\/wp\/v2\/posts"}],"about":[{"href":"https:\/\/www.evearly.news\/fr\/wp-json\/wp\/v2\/types\/post"}],"author":[{"embeddable":true,"href":"https:\/\/www.evearly.news\/fr\/wp-json\/wp\/v2\/users\/6"}],"replies":[{"embeddable":true,"href":"https:\/\/www.evearly.news\/fr\/wp-json\/wp\/v2\/comments?post=170512"}],"version-history":[{"count":0,"href":"https:\/\/www.evearly.news\/fr\/wp-json\/wp\/v2\/posts\/170512\/revisions"}],"wp:featuredmedia":[{"embeddable":true,"href":"https:\/\/www.evearly.news\/fr\/wp-json\/"}],"wp:attachment":[{"href":"https:\/\/www.evearly.news\/fr\/wp-json\/wp\/v2\/media?parent=170512"}],"wp:term":[{"taxonomy":"category","embeddable":true,"href":"https:\/\/www.evearly.news\/fr\/wp-json\/wp\/v2\/categories?post=170512"},{"taxonomy":"post_tag","embeddable":true,"href":"https:\/\/www.evearly.news\/fr\/wp-json\/wp\/v2\/tags?post=170512"}],"curies":[{"name":"wp","href":"https:\/\/api.w.org\/{rel}","templated":true}]}}