{"id":173094,"date":"2022-05-02T16:41:31","date_gmt":"2022-05-02T14:41:31","guid":{"rendered":"https:\/\/www.frandroid.com\/?p=1318703"},"modified":"2022-05-02T16:41:31","modified_gmt":"2022-05-02T14:41:31","slug":"laudi-q6-e-tron-arrive-et-on-connait-deja-quelques-infos","status":"publish","type":"post","link":"https:\/\/www.evearly.news\/fr\/laudi-q6-e-tron-arrive-et-on-connait-deja-quelques-infos\/","title":{"rendered":"L\u2019Audi Q6 e-tron arrive et on conna\u00eet d\u00e9j\u00e0 quelques infos"},"content":{"rendered":"\n<p><img decoding=\"async\" loading=\"lazy\" class=\"alignnone size-medium wp-image-1277723\" src=\"https:\/\/news.evearly.com\/wp-content\/uploads\/2022\/05\/laudi-q6-e-tron-arrive-et-on-connait-deja-quelques-infos.jpg\" alt=\"L&amp;rsquo;Audi Q6 e-tron arrive et on conna\u00eet d\u00e9j\u00e0 quelques infos\" width=\"928\" height=\"619\"><br \/>Attendu pour l&rsquo;ann\u00e9e prochaine, le nouvel Audi Q6 e-tron se laisse entrevoir et d\u00e9voile d\u00e9j\u00e0 quelques donn\u00e9es techniques avant son lancement. Depuis quelques mois maintenant, la gamme \u00e9lectrique d\u2019Audi s\u2019est plut\u00f4t bien \u00e9toff\u00e9e. D\u00e9but\u00e9e en 2019 avec l\u2019e-tron, le tout premier mod\u00e8le z\u00e9ro-\u00e9mission de la marque, prenant la forme d\u2019un grand SUV, celle-ci a par [\u2026] <a href=\"https:\/\/www.frandroid.com\/marques\/audi\/1318703_laudi-q6-e-tron-arrive-et-on-connait-deja-quelques-infos\" target=\"_blank\" rel=\"noopener\">Lire la suite&#8230;<\/a><\/p>\n","protected":false},"excerpt":{"rendered":"<p>&#8230; <a class=\"continue-reading-link\" href=\"https:\/\/www.evearly.news\/fr\/laudi-q6-e-tron-arrive-et-on-connait-deja-quelques-infos\/\"><\/a><\/p>\n","protected":false},"author":6,"featured_media":173095,"comment_status":"closed","ping_status":"closed","sticky":false,"template":"","format":"standard","meta":{"footnotes":""},"categories":[14],"tags":[],"class_list":["post-173094","post","type-post","status-publish","format-standard","has-post-thumbnail","hentry","category-frandroid"],"_links":{"self":[{"href":"https:\/\/www.evearly.news\/fr\/wp-json\/wp\/v2\/posts\/173094","targetHints":{"allow":["GET"]}}],"collection":[{"href":"https:\/\/www.evearly.news\/fr\/wp-json\/wp\/v2\/posts"}],"about":[{"href":"https:\/\/www.evearly.news\/fr\/wp-json\/wp\/v2\/types\/post"}],"author":[{"embeddable":true,"href":"https:\/\/www.evearly.news\/fr\/wp-json\/wp\/v2\/users\/6"}],"replies":[{"embeddable":true,"href":"https:\/\/www.evearly.news\/fr\/wp-json\/wp\/v2\/comments?post=173094"}],"version-history":[{"count":0,"href":"https:\/\/www.evearly.news\/fr\/wp-json\/wp\/v2\/posts\/173094\/revisions"}],"wp:featuredmedia":[{"embeddable":true,"href":"https:\/\/www.evearly.news\/fr\/wp-json\/"}],"wp:attachment":[{"href":"https:\/\/www.evearly.news\/fr\/wp-json\/wp\/v2\/media?parent=173094"}],"wp:term":[{"taxonomy":"category","embeddable":true,"href":"https:\/\/www.evearly.news\/fr\/wp-json\/wp\/v2\/categories?post=173094"},{"taxonomy":"post_tag","embeddable":true,"href":"https:\/\/www.evearly.news\/fr\/wp-json\/wp\/v2\/tags?post=173094"}],"curies":[{"name":"wp","href":"https:\/\/api.w.org\/{rel}","templated":true}]}}