{"id":174042,"date":"2022-05-07T15:00:00","date_gmt":"2022-05-07T13:00:00","guid":{"rendered":"https:\/\/insideevs.fr\/news\/583910\/bmw-i5-%C3%A9lectrique-photo-autonomie\/"},"modified":"2022-05-07T15:00:00","modified_gmt":"2022-05-07T13:00:00","slug":"bmw-i5-electrique-nouvelles-photos-interieures-et-exterieures","status":"publish","type":"post","link":"https:\/\/www.evearly.news\/fr\/bmw-i5-electrique-nouvelles-photos-interieures-et-exterieures\/","title":{"rendered":"BMW i5 \u00e9lectrique &#8211; Nouvelles photos int\u00e9rieures et ext\u00e9rieures"},"content":{"rendered":"\n<div class=\"media_block\"><img decoding=\"async\" src=\"https:\/\/news.evearly.com\/wp-content\/uploads\/2022\/05\/bmw-i5-electrique-nouvelles-photos-interieures-et-exterieures.jpg\"><\/div>\n<p>On devine les feux d\u00e9finitifs, de production. <a href=\"https:\/\/insideevs.fr\/news\/583910\/bmw-i5-%C3%A9lectrique-photo-autonomie\/\" target=\"_blank\" rel=\"noopener\">Lire la suite&#8230;<\/a><\/p>\n","protected":false},"excerpt":{"rendered":"\n<div class=\"media_block\"><img decoding=\"async\" src=\"https:\/\/news.evearly.com\/wp-content\/uploads\/2022\/05\/bmw-i5-electrique-nouvelles-photos-interieures-et-exterieures.jpg\"><\/div>\n<p>On devine les feux d\u00e9finitifs, de production.  <a class=\"continue-reading-link\" href=\"https:\/\/www.evearly.news\/fr\/bmw-i5-electrique-nouvelles-photos-interieures-et-exterieures\/\"><\/a><\/p>\n","protected":false},"author":14,"featured_media":0,"comment_status":"closed","ping_status":"closed","sticky":false,"template":"","format":"standard","meta":{"footnotes":""},"categories":[15],"tags":[],"class_list":["post-174042","post","type-post","status-publish","format-standard","hentry","category-insideevs"],"_links":{"self":[{"href":"https:\/\/www.evearly.news\/fr\/wp-json\/wp\/v2\/posts\/174042","targetHints":{"allow":["GET"]}}],"collection":[{"href":"https:\/\/www.evearly.news\/fr\/wp-json\/wp\/v2\/posts"}],"about":[{"href":"https:\/\/www.evearly.news\/fr\/wp-json\/wp\/v2\/types\/post"}],"author":[{"embeddable":true,"href":"https:\/\/www.evearly.news\/fr\/wp-json\/wp\/v2\/users\/14"}],"replies":[{"embeddable":true,"href":"https:\/\/www.evearly.news\/fr\/wp-json\/wp\/v2\/comments?post=174042"}],"version-history":[{"count":0,"href":"https:\/\/www.evearly.news\/fr\/wp-json\/wp\/v2\/posts\/174042\/revisions"}],"wp:attachment":[{"href":"https:\/\/www.evearly.news\/fr\/wp-json\/wp\/v2\/media?parent=174042"}],"wp:term":[{"taxonomy":"category","embeddable":true,"href":"https:\/\/www.evearly.news\/fr\/wp-json\/wp\/v2\/categories?post=174042"},{"taxonomy":"post_tag","embeddable":true,"href":"https:\/\/www.evearly.news\/fr\/wp-json\/wp\/v2\/tags?post=174042"}],"curies":[{"name":"wp","href":"https:\/\/api.w.org\/{rel}","templated":true}]}}