{"id":174169,"date":"2022-05-09T10:08:15","date_gmt":"2022-05-09T08:08:15","guid":{"rendered":"https:\/\/www.frandroid.com\/?p=1326697"},"modified":"2022-05-09T10:08:15","modified_gmt":"2022-05-09T08:08:15","slug":"volkswagen-id-buzz-les-prix-se-dessinent-et-ca-va-piquer","status":"publish","type":"post","link":"https:\/\/www.evearly.news\/fr\/volkswagen-id-buzz-les-prix-se-dessinent-et-ca-va-piquer\/","title":{"rendered":"Volkswagen ID.Buzz : les prix se dessinent et \u00e7a va piquer"},"content":{"rendered":"\n<p><img decoding=\"async\" loading=\"lazy\" class=\"size-large wp-image-1257755\" src=\"https:\/\/news.evearly.com\/wp-content\/uploads\/2022\/05\/volkswagen-id-buzz-les-prix-se-dessinent-et-ca-va-piquer.jpg\" alt=\"Volkswagen ID.Buzz : les prix se dessinent et \u00e7a va piquer\" width=\"928\" height=\"522\"><br \/>L\u2019Office f\u00e9d\u00e9ral de l&rsquo;\u00e9conomie et du contr\u00f4le d&rsquo;exportation (BAFA) d\u2019Allemagne \u00e0 r\u00e9v\u00e9l\u00e9 les prix du Volkswagen ID.Buzz, avec et sans taxes. Comme pr\u00e9vu, les tarifs tournent autour de 60 000 euros.Le 9 mars 2022, Volkswagen a lev\u00e9 le voile sur son van \u00e9lectrique ID.Buzz (que nous avons prix en main dans la foul\u00e9e), fameuse version [\u2026] <a href=\"https:\/\/www.frandroid.com\/marques\/volkswagen\/1326697_volkswagen-id-buzz-les-prix-se-dessinent-et-ca-va-piquer\" target=\"_blank\" rel=\"noopener\">Lire la suite&#8230;<\/a><\/p>\n","protected":false},"excerpt":{"rendered":"<p>&#8230; <a class=\"continue-reading-link\" href=\"https:\/\/www.evearly.news\/fr\/volkswagen-id-buzz-les-prix-se-dessinent-et-ca-va-piquer\/\"><\/a><\/p>\n","protected":false},"author":6,"featured_media":174170,"comment_status":"closed","ping_status":"closed","sticky":false,"template":"","format":"standard","meta":{"footnotes":""},"categories":[14],"tags":[],"class_list":["post-174169","post","type-post","status-publish","format-standard","has-post-thumbnail","hentry","category-frandroid"],"_links":{"self":[{"href":"https:\/\/www.evearly.news\/fr\/wp-json\/wp\/v2\/posts\/174169","targetHints":{"allow":["GET"]}}],"collection":[{"href":"https:\/\/www.evearly.news\/fr\/wp-json\/wp\/v2\/posts"}],"about":[{"href":"https:\/\/www.evearly.news\/fr\/wp-json\/wp\/v2\/types\/post"}],"author":[{"embeddable":true,"href":"https:\/\/www.evearly.news\/fr\/wp-json\/wp\/v2\/users\/6"}],"replies":[{"embeddable":true,"href":"https:\/\/www.evearly.news\/fr\/wp-json\/wp\/v2\/comments?post=174169"}],"version-history":[{"count":0,"href":"https:\/\/www.evearly.news\/fr\/wp-json\/wp\/v2\/posts\/174169\/revisions"}],"wp:featuredmedia":[{"embeddable":true,"href":"https:\/\/www.evearly.news\/fr\/wp-json\/"}],"wp:attachment":[{"href":"https:\/\/www.evearly.news\/fr\/wp-json\/wp\/v2\/media?parent=174169"}],"wp:term":[{"taxonomy":"category","embeddable":true,"href":"https:\/\/www.evearly.news\/fr\/wp-json\/wp\/v2\/categories?post=174169"},{"taxonomy":"post_tag","embeddable":true,"href":"https:\/\/www.evearly.news\/fr\/wp-json\/wp\/v2\/tags?post=174169"}],"curies":[{"name":"wp","href":"https:\/\/api.w.org\/{rel}","templated":true}]}}