{"id":174659,"date":"2022-05-11T13:24:08","date_gmt":"2022-05-11T11:24:08","guid":{"rendered":"https:\/\/www.automobile-magazine.fr\/tous-les-essais\/article\/33853-volkswagen-id5-notre-premier-essai-du-suv-coupe-electrique"},"modified":"2023-08-17T04:56:54","modified_gmt":"2023-08-17T04:56:54","slug":"volkswagen-id-5-notre-premier-essai-du-suv-coupe-electrique","status":"publish","type":"post","link":"https:\/\/www.evearly.news\/fr\/volkswagen-id-5-notre-premier-essai-du-suv-coupe-electrique\/","title":{"rendered":"Volkswagen ID.5 : notre premier essai du SUV coup\u00e9 \u00e9lectrique"},"content":{"rendered":"\n<div class=\"media_block\"><img decoding=\"async\" src=\"https:\/\/news.evearly.com\/wp-content\/uploads\/2022\/05\/volkswagen-id-5-notre-premier-essai-du-suv-coupe-electrique.jpg\"><\/div>\n<p>Chez Volkswagen la famille ID, c\u2019est celle des 100% \u00e9lectriques. Dernier rejeton d\u2019une fratrie qui ne cesse de s\u2019agrandir, l\u2019ID.5 est le tout premier SUV coup\u00e9 et apporte quelques nouveaut\u00e9s dont vont profiter ses fr\u00e8res et s\u0153urs. <a href=\"https:\/\/www.automobile-magazine.fr\/tous-les-essais\/article\/33853-volkswagen-id5-notre-premier-essai-du-suv-coupe-electrique\" target='bwindow' rel=\"noopener\">Lire la suite&#8230;<\/a> <\/p>\n","protected":false},"excerpt":{"rendered":"<p>&#8230; <a class=\"continue-reading-link\" href=\"https:\/\/www.evearly.news\/fr\/volkswagen-id-5-notre-premier-essai-du-suv-coupe-electrique\/\"><\/a><\/p>\n","protected":false},"author":7,"featured_media":0,"comment_status":"closed","ping_status":"closed","sticky":false,"template":"","format":"standard","meta":{"footnotes":""},"categories":[7],"tags":[],"class_list":["post-174659","post","type-post","status-publish","format-standard","hentry","category-automobile-magazine"],"_links":{"self":[{"href":"https:\/\/www.evearly.news\/fr\/wp-json\/wp\/v2\/posts\/174659","targetHints":{"allow":["GET"]}}],"collection":[{"href":"https:\/\/www.evearly.news\/fr\/wp-json\/wp\/v2\/posts"}],"about":[{"href":"https:\/\/www.evearly.news\/fr\/wp-json\/wp\/v2\/types\/post"}],"author":[{"embeddable":true,"href":"https:\/\/www.evearly.news\/fr\/wp-json\/wp\/v2\/users\/7"}],"replies":[{"embeddable":true,"href":"https:\/\/www.evearly.news\/fr\/wp-json\/wp\/v2\/comments?post=174659"}],"version-history":[{"count":1,"href":"https:\/\/www.evearly.news\/fr\/wp-json\/wp\/v2\/posts\/174659\/revisions"}],"predecessor-version":[{"id":253692,"href":"https:\/\/www.evearly.news\/fr\/wp-json\/wp\/v2\/posts\/174659\/revisions\/253692"}],"wp:attachment":[{"href":"https:\/\/www.evearly.news\/fr\/wp-json\/wp\/v2\/media?parent=174659"}],"wp:term":[{"taxonomy":"category","embeddable":true,"href":"https:\/\/www.evearly.news\/fr\/wp-json\/wp\/v2\/categories?post=174659"},{"taxonomy":"post_tag","embeddable":true,"href":"https:\/\/www.evearly.news\/fr\/wp-json\/wp\/v2\/tags?post=174659"}],"curies":[{"name":"wp","href":"https:\/\/api.w.org\/{rel}","templated":true}]}}