{"id":176592,"date":"2022-05-22T11:18:33","date_gmt":"2022-05-22T09:18:33","guid":{"rendered":"http:\/\/tag:typepad.com,2003:post-6a00d8341bfe5d53ef0282e156c910200b"},"modified":"2022-05-22T11:18:33","modified_gmt":"2022-05-22T09:18:33","slug":"lindustrie-europeenne-se-felicite-de-linclusion-de-la-fabrication-photovoltaique-dans-la-strategie-solaire-de-lue","status":"publish","type":"post","link":"https:\/\/www.evearly.news\/fr\/lindustrie-europeenne-se-felicite-de-linclusion-de-la-fabrication-photovoltaique-dans-la-strategie-solaire-de-lue\/","title":{"rendered":"L&rsquo;industrie europ\u00e9enne se f\u00e9licite de l\u2019inclusion de la fabrication photovolta\u00efque dans la strat\u00e9gie solaire de l\u2019UE"},"content":{"rendered":"\n<p>&lt;img alt=&quot;ESMC_Bruxelles_20mai22&quot; class=&quot;asset asset-image at-xid-6a00d8341bfe5d53ef0282e156c909200b img-responsive&quot; src=&quot;https:\/\/news.evearly.com\/wp-content\/uploads\/2022\/05\/lindustrie-europeenne-se-felicite-de-linclusion-de-la-fabrication-photovoltaique-dans-la-strategie-solaire-de-lue.jpg&quot; style=&quot;width: 560px;&quot; title=&quot;ESMC_Bruxelles_20mai22&quot; \/<br \/>Le European Solar Manufacturing Council (ESMC) f\u00e9licite la Commission europ\u00e9enne d\u2019avoir adopt\u00e9 plus t\u00f4t que pr\u00e9vu la strat\u00e9gie de l\u2019UE en mati\u00e8re d\u2019\u00e9nergie solaire. Des actions concr\u00e8tes doivent \u00eatre prises sans d\u00e9lai ! L\u2019ESMC appr\u00e9cie l\u2019expression claire de la Commission&#8230;&#160;&#160;&#160;&#160;<a href=\"https:\/\/feeds.feedblitz.com\/~\/697256678\/0\/tecsol~Lindustrie-europ%c3%a9enne-se-f%c3%a9licite-de-l%e2%80%99inclusion-de-la-fabrication-photovolta%c3%afque-dans-la-strat%c3%a9gie-solaire-de-l%e2%80%99UE.html\" target='bwindow' rel=\"noopener\">Lire la suite&#8230;<\/a><\/p>\n","protected":false},"excerpt":{"rendered":"<p>&#8230; <a class=\"continue-reading-link\" href=\"https:\/\/www.evearly.news\/fr\/lindustrie-europeenne-se-felicite-de-linclusion-de-la-fabrication-photovoltaique-dans-la-strategie-solaire-de-lue\/\"><\/a><\/p>\n","protected":false},"author":25,"featured_media":0,"comment_status":"closed","ping_status":"closed","sticky":false,"template":"","format":"standard","meta":{"footnotes":""},"categories":[22],"tags":[],"class_list":["post-176592","post","type-post","status-publish","format-standard","hentry","category-tecsol"],"_links":{"self":[{"href":"https:\/\/www.evearly.news\/fr\/wp-json\/wp\/v2\/posts\/176592","targetHints":{"allow":["GET"]}}],"collection":[{"href":"https:\/\/www.evearly.news\/fr\/wp-json\/wp\/v2\/posts"}],"about":[{"href":"https:\/\/www.evearly.news\/fr\/wp-json\/wp\/v2\/types\/post"}],"author":[{"embeddable":true,"href":"https:\/\/www.evearly.news\/fr\/wp-json\/wp\/v2\/users\/25"}],"replies":[{"embeddable":true,"href":"https:\/\/www.evearly.news\/fr\/wp-json\/wp\/v2\/comments?post=176592"}],"version-history":[{"count":0,"href":"https:\/\/www.evearly.news\/fr\/wp-json\/wp\/v2\/posts\/176592\/revisions"}],"wp:attachment":[{"href":"https:\/\/www.evearly.news\/fr\/wp-json\/wp\/v2\/media?parent=176592"}],"wp:term":[{"taxonomy":"category","embeddable":true,"href":"https:\/\/www.evearly.news\/fr\/wp-json\/wp\/v2\/categories?post=176592"},{"taxonomy":"post_tag","embeddable":true,"href":"https:\/\/www.evearly.news\/fr\/wp-json\/wp\/v2\/tags?post=176592"}],"curies":[{"name":"wp","href":"https:\/\/api.w.org\/{rel}","templated":true}]}}