{"id":180766,"date":"2022-06-14T13:00:32","date_gmt":"2022-06-14T11:00:32","guid":{"rendered":"https:\/\/www.automobile-propre.com\/?post_type=breves&amp;p=147597"},"modified":"2022-06-14T13:00:32","modified_gmt":"2022-06-14T11:00:32","slug":"volkswagen-vendra-ses-premieres-voitures-electriques-en-inde-en-2023","status":"publish","type":"post","link":"https:\/\/www.evearly.news\/fr\/volkswagen-vendra-ses-premieres-voitures-electriques-en-inde-en-2023\/","title":{"rendered":"Volkswagen vendra ses premi\u00e8res voitures \u00e9lectriques en Inde en 2023"},"content":{"rendered":"\n<p><img loading=\"lazy\" decoding=\"async\" width=\"500\" height=\"333\" src=\"https:\/\/news.evearly.com\/wp-content\/uploads\/2022\/06\/volkswagen-vendra-ses-premieres-voitures-electriques-en-inde-en-2023.jpg\" class=\"attachment-186x124 size-186x124 wp-post-image\" alt=\"VOLKSWAGEN ID.4\" \/><br \/>\nLe march\u00e9 indien se met doucement en route vers son \u00e9lectrification. \u00c0 l&rsquo;instar d&rsquo;autres constructeurs, Volkswagen d\u00e9butera l&rsquo;ann\u00e9e prochaine la vente de v\u00e9hicule \u00e9lectriques en Inde, avant de les produire sur place dans la seconde moiti\u00e9 de la d\u00e9cennie. <a href=\"https:\/\/www.automobile-propre.com\/breves\/volkswagen-vendra-ses-premieres-voitures-electriques-en-inde-en-2023\/\" target='bwindow' rel=\"noopener\">Lire la suite&#8230;<\/a><\/p>\n","protected":false},"excerpt":{"rendered":"<p>\nLe march\u00e9 indien se met doucement en route vers son \u00e9lectrification. \u00c0 l&rsquo;instar d&rsquo;autres constructeurs, Volkswagen d\u00e9butera l&rsquo;ann\u00e9e prochaine la vente de v\u00e9hicule \u00e9lectriques en Inde, avant de les produire sur place dans la seconde moiti\u00e9 de la d\u00e9cennie.  &#8230; <a class=\"continue-reading-link\" href=\"https:\/\/www.evearly.news\/fr\/volkswagen-vendra-ses-premieres-voitures-electriques-en-inde-en-2023\/\"><\/a><\/p>\n","protected":false},"author":8,"featured_media":0,"comment_status":"closed","ping_status":"closed","sticky":false,"template":"","format":"standard","meta":{"footnotes":""},"categories":[8],"tags":[],"class_list":["post-180766","post","type-post","status-publish","format-standard","hentry","category-automobile-propre"],"_links":{"self":[{"href":"https:\/\/www.evearly.news\/fr\/wp-json\/wp\/v2\/posts\/180766","targetHints":{"allow":["GET"]}}],"collection":[{"href":"https:\/\/www.evearly.news\/fr\/wp-json\/wp\/v2\/posts"}],"about":[{"href":"https:\/\/www.evearly.news\/fr\/wp-json\/wp\/v2\/types\/post"}],"author":[{"embeddable":true,"href":"https:\/\/www.evearly.news\/fr\/wp-json\/wp\/v2\/users\/8"}],"replies":[{"embeddable":true,"href":"https:\/\/www.evearly.news\/fr\/wp-json\/wp\/v2\/comments?post=180766"}],"version-history":[{"count":0,"href":"https:\/\/www.evearly.news\/fr\/wp-json\/wp\/v2\/posts\/180766\/revisions"}],"wp:attachment":[{"href":"https:\/\/www.evearly.news\/fr\/wp-json\/wp\/v2\/media?parent=180766"}],"wp:term":[{"taxonomy":"category","embeddable":true,"href":"https:\/\/www.evearly.news\/fr\/wp-json\/wp\/v2\/categories?post=180766"},{"taxonomy":"post_tag","embeddable":true,"href":"https:\/\/www.evearly.news\/fr\/wp-json\/wp\/v2\/tags?post=180766"}],"curies":[{"name":"wp","href":"https:\/\/api.w.org\/{rel}","templated":true}]}}