{"id":180953,"date":"2022-06-14T14:30:00","date_gmt":"2022-06-14T12:30:00","guid":{"rendered":"https:\/\/www.automobile-magazine.fr\/voitures-electriques\/article\/34396-la-petite-electrique-microlino-enfin-commercialisee-son-prix-est-il-trop-eleve"},"modified":"2023-08-17T04:55:56","modified_gmt":"2023-08-17T04:55:56","slug":"la-petite-electrique-microlino-enfin-commercialisee-son-prix-est-il-trop-eleve","status":"publish","type":"post","link":"https:\/\/www.evearly.news\/fr\/la-petite-electrique-microlino-enfin-commercialisee-son-prix-est-il-trop-eleve\/","title":{"rendered":"La petite \u00e9lectrique Microlino enfin commercialis\u00e9e : son prix est-il trop \u00e9lev\u00e9 ?"},"content":{"rendered":"\n<div class=\"media_block\"><img decoding=\"async\" src=\"https:\/\/news.evearly.com\/wp-content\/uploads\/2022\/06\/la-petite-electrique-microlino-enfin-commercialisee-son-prix-est-il-trop-eleve.jpg\"><\/div>\n<p>Moins de 600 kg sur la balance, 90 km\/h de pointe, un gabarit ridicule et une autonomie pouvant aller jusqu&rsquo;\u00e0 230 km : la Microlino est-elle l&rsquo;outil id\u00e9al des villes de demain ? Son prix et ses choix techniques pourraient poser probl\u00e8me. <a href=\"https:\/\/www.automobile-magazine.fr\/voitures-electriques\/article\/34396-la-petite-electrique-microlino-enfin-commercialisee-son-prix-est-il-trop-eleve\" target='bwindow' rel=\"noopener\">Lire la suite&#8230;<\/a> <\/p>\n","protected":false},"excerpt":{"rendered":"<p>&#8230; <a class=\"continue-reading-link\" href=\"https:\/\/www.evearly.news\/fr\/la-petite-electrique-microlino-enfin-commercialisee-son-prix-est-il-trop-eleve\/\"><\/a><\/p>\n","protected":false},"author":7,"featured_media":0,"comment_status":"closed","ping_status":"closed","sticky":false,"template":"","format":"standard","meta":{"footnotes":""},"categories":[7],"tags":[],"class_list":["post-180953","post","type-post","status-publish","format-standard","hentry","category-automobile-magazine"],"_links":{"self":[{"href":"https:\/\/www.evearly.news\/fr\/wp-json\/wp\/v2\/posts\/180953","targetHints":{"allow":["GET"]}}],"collection":[{"href":"https:\/\/www.evearly.news\/fr\/wp-json\/wp\/v2\/posts"}],"about":[{"href":"https:\/\/www.evearly.news\/fr\/wp-json\/wp\/v2\/types\/post"}],"author":[{"embeddable":true,"href":"https:\/\/www.evearly.news\/fr\/wp-json\/wp\/v2\/users\/7"}],"replies":[{"embeddable":true,"href":"https:\/\/www.evearly.news\/fr\/wp-json\/wp\/v2\/comments?post=180953"}],"version-history":[{"count":1,"href":"https:\/\/www.evearly.news\/fr\/wp-json\/wp\/v2\/posts\/180953\/revisions"}],"predecessor-version":[{"id":253622,"href":"https:\/\/www.evearly.news\/fr\/wp-json\/wp\/v2\/posts\/180953\/revisions\/253622"}],"wp:attachment":[{"href":"https:\/\/www.evearly.news\/fr\/wp-json\/wp\/v2\/media?parent=180953"}],"wp:term":[{"taxonomy":"category","embeddable":true,"href":"https:\/\/www.evearly.news\/fr\/wp-json\/wp\/v2\/categories?post=180953"},{"taxonomy":"post_tag","embeddable":true,"href":"https:\/\/www.evearly.news\/fr\/wp-json\/wp\/v2\/tags?post=180953"}],"curies":[{"name":"wp","href":"https:\/\/api.w.org\/{rel}","templated":true}]}}