{"id":181142,"date":"2022-06-15T20:02:58","date_gmt":"2022-06-15T18:02:58","guid":{"rendered":"https:\/\/www.frandroid.com\/?p=1367435"},"modified":"2022-06-15T20:02:58","modified_gmt":"2022-06-15T18:02:58","slug":"canicule-que-risquent-les-voitures-electriques-en-cas-de-fortes-chaleurs","status":"publish","type":"post","link":"https:\/\/www.evearly.news\/fr\/canicule-que-risquent-les-voitures-electriques-en-cas-de-fortes-chaleurs\/","title":{"rendered":"Canicule : que risquent les voitures \u00e9lectriques en cas de fortes chaleurs ?"},"content":{"rendered":"\n<p><img decoding=\"async\" loading=\"lazy\" class=\"alignnone size-full wp-image-1367455\" src=\"https:\/\/news.evearly.com\/wp-content\/uploads\/2022\/06\/canicule-que-risquent-les-voitures-electriques-en-cas-de-fortes-chaleurs.jpg\" alt=\"Petite-voiture-electrique-1024&#215;683\" width=\"928\" height=\"619\"><br \/>Il fait chaud, tr\u00e8s chaud m\u00eame en ce moment dans l&rsquo;Hexagone. Et cela n&rsquo;est pas sans cons\u00e9quence pour les voitures \u00e9lectriques. Climatisation, batterie, autonomie : nous allons passer en revue les quelques points \u00e0 v\u00e9rifier sur son mod\u00e8le \u00e9lectrique en cas de canicule. Comme vous n\u2019\u00eates s\u00fbrement pas sans le savoir, la France fait actuellement [\u2026] <a href=\"https:\/\/www.frandroid.com\/produits-android\/automobile\/voitures-electriques\/1367435_canicule-que-risquent-les-voitures-electriques-en-cas-de-fortes-chaleurs\" target=\"blank\" rel=\"noopener\">Lire la suite&#8230;<\/a><\/p>\n","protected":false},"excerpt":{"rendered":"<p>&#8230; <a class=\"continue-reading-link\" href=\"https:\/\/www.evearly.news\/fr\/canicule-que-risquent-les-voitures-electriques-en-cas-de-fortes-chaleurs\/\"><\/a><\/p>\n","protected":false},"author":6,"featured_media":181143,"comment_status":"closed","ping_status":"closed","sticky":false,"template":"","format":"standard","meta":{"footnotes":""},"categories":[14],"tags":[],"class_list":["post-181142","post","type-post","status-publish","format-standard","has-post-thumbnail","hentry","category-frandroid"],"_links":{"self":[{"href":"https:\/\/www.evearly.news\/fr\/wp-json\/wp\/v2\/posts\/181142","targetHints":{"allow":["GET"]}}],"collection":[{"href":"https:\/\/www.evearly.news\/fr\/wp-json\/wp\/v2\/posts"}],"about":[{"href":"https:\/\/www.evearly.news\/fr\/wp-json\/wp\/v2\/types\/post"}],"author":[{"embeddable":true,"href":"https:\/\/www.evearly.news\/fr\/wp-json\/wp\/v2\/users\/6"}],"replies":[{"embeddable":true,"href":"https:\/\/www.evearly.news\/fr\/wp-json\/wp\/v2\/comments?post=181142"}],"version-history":[{"count":0,"href":"https:\/\/www.evearly.news\/fr\/wp-json\/wp\/v2\/posts\/181142\/revisions"}],"wp:featuredmedia":[{"embeddable":true,"href":"https:\/\/www.evearly.news\/fr\/wp-json\/"}],"wp:attachment":[{"href":"https:\/\/www.evearly.news\/fr\/wp-json\/wp\/v2\/media?parent=181142"}],"wp:term":[{"taxonomy":"category","embeddable":true,"href":"https:\/\/www.evearly.news\/fr\/wp-json\/wp\/v2\/categories?post=181142"},{"taxonomy":"post_tag","embeddable":true,"href":"https:\/\/www.evearly.news\/fr\/wp-json\/wp\/v2\/tags?post=181142"}],"curies":[{"name":"wp","href":"https:\/\/api.w.org\/{rel}","templated":true}]}}