{"id":181161,"date":"2022-06-15T20:09:30","date_gmt":"2022-06-15T18:09:30","guid":{"rendered":"http:\/\/tag:typepad.com,2003:post-6a00d8341bfe5d53ef02a2eec7f6d6200d"},"modified":"2022-06-15T20:09:30","modified_gmt":"2022-06-15T18:09:30","slug":"quelles-propositions-cadres-pour-lalliance-de-lindustrie-solaire-photovoltaique-de-lue","status":"publish","type":"post","link":"https:\/\/www.evearly.news\/fr\/quelles-propositions-cadres-pour-lalliance-de-lindustrie-solaire-photovoltaique-de-lue\/","title":{"rendered":"Quelles propositions cadres pour l\u2019Alliance de l\u2019industrie solaire photovolta\u00efque de l\u2019UE ?"},"content":{"rendered":"\n<p>&lt;img alt=&quot;Andre Langwost&quot; class=&quot;asset asset-image at-xid-6a00d8341bfe5d53ef02a30d3f5de3200b img-responsive&quot; src=&quot;https:\/\/news.evearly.com\/wp-content\/uploads\/2022\/06\/quelles-propositions-cadres-pour-lalliance-de-lindustrie-solaire-photovoltaique-de-lue.jpg&quot; style=&quot;width: 560px;&quot; title=&quot;Andre Langwost&quot; \/<br \/>Le Conseil europ\u00e9en de l\u2019industrie solaire (ESMC) exprime son ferme soutien \u00e0 la vision industrielle solaire photovolta\u00efque propos\u00e9e par l\u2019UE et r\u00e9cemment adopt\u00e9e. Il est urgent d\u2019\u0153uvrer pour commencer les travaux en vue d\u2019\u00e9tablir un programme de soutien concret pour&#8230;&#160;&#160;&#160;&#160;<a href=\"https:\/\/feeds.feedblitz.com\/~\/699315256\/0\/tecsol~Quelles-propositions-cadres-pour-l%e2%80%99Alliance-de-l%e2%80%99industrie-solaire-photovolta%c3%afque-de-l%e2%80%99UE.html\" target='bwindow' rel=\"noopener\">Lire la suite&#8230;<\/a><\/p>\n","protected":false},"excerpt":{"rendered":"<p>&#8230; <a class=\"continue-reading-link\" href=\"https:\/\/www.evearly.news\/fr\/quelles-propositions-cadres-pour-lalliance-de-lindustrie-solaire-photovoltaique-de-lue\/\"><\/a><\/p>\n","protected":false},"author":25,"featured_media":0,"comment_status":"closed","ping_status":"closed","sticky":false,"template":"","format":"standard","meta":{"footnotes":""},"categories":[22],"tags":[],"class_list":["post-181161","post","type-post","status-publish","format-standard","hentry","category-tecsol"],"_links":{"self":[{"href":"https:\/\/www.evearly.news\/fr\/wp-json\/wp\/v2\/posts\/181161","targetHints":{"allow":["GET"]}}],"collection":[{"href":"https:\/\/www.evearly.news\/fr\/wp-json\/wp\/v2\/posts"}],"about":[{"href":"https:\/\/www.evearly.news\/fr\/wp-json\/wp\/v2\/types\/post"}],"author":[{"embeddable":true,"href":"https:\/\/www.evearly.news\/fr\/wp-json\/wp\/v2\/users\/25"}],"replies":[{"embeddable":true,"href":"https:\/\/www.evearly.news\/fr\/wp-json\/wp\/v2\/comments?post=181161"}],"version-history":[{"count":0,"href":"https:\/\/www.evearly.news\/fr\/wp-json\/wp\/v2\/posts\/181161\/revisions"}],"wp:attachment":[{"href":"https:\/\/www.evearly.news\/fr\/wp-json\/wp\/v2\/media?parent=181161"}],"wp:term":[{"taxonomy":"category","embeddable":true,"href":"https:\/\/www.evearly.news\/fr\/wp-json\/wp\/v2\/categories?post=181161"},{"taxonomy":"post_tag","embeddable":true,"href":"https:\/\/www.evearly.news\/fr\/wp-json\/wp\/v2\/tags?post=181161"}],"curies":[{"name":"wp","href":"https:\/\/api.w.org\/{rel}","templated":true}]}}