{"id":181209,"date":"2022-06-16T09:55:14","date_gmt":"2022-06-16T07:55:14","guid":{"rendered":"https:\/\/www.avem.fr\/?p=49092"},"modified":"2023-08-17T18:48:27","modified_gmt":"2023-08-17T18:48:27","slug":"abb-retenu-pour-electrifier-les-quais-du-port-de-toulon","status":"publish","type":"post","link":"https:\/\/www.evearly.news\/fr\/abb-retenu-pour-electrifier-les-quais-du-port-de-toulon\/","title":{"rendered":"ABB retenu pour \u00e9lectrifier les quais du port de Toulon"},"content":{"rendered":"\n<p><img decoding=\"async\" width=\"1000\" height=\"563\" src=\"https:\/\/news.evearly.com\/wp-content\/uploads\/2022\/06\/abb-retenu-pour-electrifier-les-quais-du-port-de-toulon.jpg\" class=\"attachment-post-thumbnail size-post-thumbnail wp-post-image\" alt=\"ABB Toulon \u00e9lectrification quai\" loading=\"lazy\" \/>Le port de commerce de Toulon accueille chaque ann\u00e9e plus de 1,6 million de passagers de ferries et de croisi\u00e8res. Depuis quelques temps, il cherche \u00e0 r\u00e9duire au maximum les rejets polluants et les nuisances des navires en escale. La solution passe par l\u2019\u00e9lectrification de ses quais pour permettre de [\u2026] <a href=\"https:\/\/www.avem.fr\/2022\/06\/16\/abb-retenu-pour-electrifier-les-quais-du-port-de-toulon\/\" target=\"blank\" rel=\"noopener\">Lire la suite&#8230;<\/a><\/p>\n","protected":false},"excerpt":{"rendered":"<p> <img decoding=\"async\" width=\"1000\" height=\"563\" src=\"https:\/\/news.evearly.com\/wp-content\/uploads\/2022\/06\/abb-retenu-pour-electrifier-les-quais-du-port-de-toulon.jpg\" class=\"attachment-post-thumbnail size-post-thumbnail wp-post-image\" alt=\"ABB Toulon \u00e9lectrification quai\" loading=\"lazy\" \/>Le port de commerce de Toulon accueille chaque ann\u00e9e plus de 1,6 million de passagers de ferries et de croisi\u00e8res. Depuis quelques temps, il cherche \u00e0 r\u00e9duire au maximum les rejets polluants et les nuisances des navires en escale. La solution passe par l\u2019\u00e9lectrification de ses quais pour permettre de [\u2026]  <a class=\"continue-reading-link\" href=\"https:\/\/www.evearly.news\/fr\/abb-retenu-pour-electrifier-les-quais-du-port-de-toulon\/\"><\/a><\/p>\n","protected":false},"author":3,"featured_media":0,"comment_status":"closed","ping_status":"closed","sticky":false,"template":"","format":"standard","meta":{"footnotes":""},"categories":[3],"tags":[],"class_list":["post-181209","post","type-post","status-publish","format-standard","hentry","category-avem"],"_links":{"self":[{"href":"https:\/\/www.evearly.news\/fr\/wp-json\/wp\/v2\/posts\/181209","targetHints":{"allow":["GET"]}}],"collection":[{"href":"https:\/\/www.evearly.news\/fr\/wp-json\/wp\/v2\/posts"}],"about":[{"href":"https:\/\/www.evearly.news\/fr\/wp-json\/wp\/v2\/types\/post"}],"author":[{"embeddable":true,"href":"https:\/\/www.evearly.news\/fr\/wp-json\/wp\/v2\/users\/3"}],"replies":[{"embeddable":true,"href":"https:\/\/www.evearly.news\/fr\/wp-json\/wp\/v2\/comments?post=181209"}],"version-history":[{"count":1,"href":"https:\/\/www.evearly.news\/fr\/wp-json\/wp\/v2\/posts\/181209\/revisions"}],"predecessor-version":[{"id":256701,"href":"https:\/\/www.evearly.news\/fr\/wp-json\/wp\/v2\/posts\/181209\/revisions\/256701"}],"wp:attachment":[{"href":"https:\/\/www.evearly.news\/fr\/wp-json\/wp\/v2\/media?parent=181209"}],"wp:term":[{"taxonomy":"category","embeddable":true,"href":"https:\/\/www.evearly.news\/fr\/wp-json\/wp\/v2\/categories?post=181209"},{"taxonomy":"post_tag","embeddable":true,"href":"https:\/\/www.evearly.news\/fr\/wp-json\/wp\/v2\/tags?post=181209"}],"curies":[{"name":"wp","href":"https:\/\/api.w.org\/{rel}","templated":true}]}}