{"id":181212,"date":"2022-06-16T10:00:44","date_gmt":"2022-06-16T08:00:44","guid":{"rendered":"https:\/\/www.automobile-propre.com\/?post_type=breves&amp;p=147876"},"modified":"2022-06-16T10:00:44","modified_gmt":"2022-06-16T08:00:44","slug":"le-concept-toyota-compact-cruiser-ev-recompense-pour-son-design","status":"publish","type":"post","link":"https:\/\/www.evearly.news\/fr\/le-concept-toyota-compact-cruiser-ev-recompense-pour-son-design\/","title":{"rendered":"Le concept Toyota Compact Cruiser EV r\u00e9compens\u00e9 pour son design"},"content":{"rendered":"\n<p><img loading=\"lazy\" decoding=\"async\" width=\"500\" height=\"333\" src=\"https:\/\/news.evearly.com\/wp-content\/uploads\/2022\/06\/le-concept-toyota-compact-cruiser-ev-recompense-pour-son-design.jpg\" class=\"attachment-186x124 size-186x124 wp-post-image\" alt=\"Toyota Compact Cruiser EV Concept\" \/><br \/>\nRapidement entrevu lors de l&rsquo;annonce du virage \u00e9lectrique de Toyota, le concept Compact Cruiser a tap\u00e9 dans l&rsquo;\u0153il de pas mal de monde. Il vient d&rsquo;\u00eatre r\u00e9compens\u00e9 pour son design. Ce qui nous vaut de nouvelles images de ce futur \u00ab\u00a0FJ Cruiser \u00e9lectrique\u00a0\u00bb. <a href=\"https:\/\/www.automobile-propre.com\/breves\/le-concept-toyota-compact-cruiser-ev-recompense-pour-son-design\/\" target='bwindow' rel=\"noopener\">Lire la suite&#8230;<\/a><\/p>\n","protected":false},"excerpt":{"rendered":"<p>\nRapidement entrevu lors de l&rsquo;annonce du virage \u00e9lectrique de Toyota, le concept Compact Cruiser a tap\u00e9 dans l&rsquo;\u0153il de pas mal de monde. Il vient d&rsquo;\u00eatre r\u00e9compens\u00e9 pour son design. Ce qui nous vaut de nouvelles images de ce futur \u00ab\u00a0FJ Cruiser \u00e9lectrique\u00a0\u00bb.  &#8230; <a class=\"continue-reading-link\" href=\"https:\/\/www.evearly.news\/fr\/le-concept-toyota-compact-cruiser-ev-recompense-pour-son-design\/\"><\/a><\/p>\n","protected":false},"author":8,"featured_media":0,"comment_status":"closed","ping_status":"closed","sticky":false,"template":"","format":"standard","meta":{"footnotes":""},"categories":[8],"tags":[],"class_list":["post-181212","post","type-post","status-publish","format-standard","hentry","category-automobile-propre"],"_links":{"self":[{"href":"https:\/\/www.evearly.news\/fr\/wp-json\/wp\/v2\/posts\/181212","targetHints":{"allow":["GET"]}}],"collection":[{"href":"https:\/\/www.evearly.news\/fr\/wp-json\/wp\/v2\/posts"}],"about":[{"href":"https:\/\/www.evearly.news\/fr\/wp-json\/wp\/v2\/types\/post"}],"author":[{"embeddable":true,"href":"https:\/\/www.evearly.news\/fr\/wp-json\/wp\/v2\/users\/8"}],"replies":[{"embeddable":true,"href":"https:\/\/www.evearly.news\/fr\/wp-json\/wp\/v2\/comments?post=181212"}],"version-history":[{"count":0,"href":"https:\/\/www.evearly.news\/fr\/wp-json\/wp\/v2\/posts\/181212\/revisions"}],"wp:attachment":[{"href":"https:\/\/www.evearly.news\/fr\/wp-json\/wp\/v2\/media?parent=181212"}],"wp:term":[{"taxonomy":"category","embeddable":true,"href":"https:\/\/www.evearly.news\/fr\/wp-json\/wp\/v2\/categories?post=181212"},{"taxonomy":"post_tag","embeddable":true,"href":"https:\/\/www.evearly.news\/fr\/wp-json\/wp\/v2\/tags?post=181212"}],"curies":[{"name":"wp","href":"https:\/\/api.w.org\/{rel}","templated":true}]}}