{"id":181227,"date":"2022-06-16T10:30:00","date_gmt":"2022-06-16T08:30:00","guid":{"rendered":"https:\/\/insideevs.fr\/news\/592483\/sony-honda-mobility-electrique-2025\/"},"modified":"2022-06-16T10:30:00","modified_gmt":"2022-06-16T08:30:00","slug":"la-sony-honda-mobility-company-est-annoncee-les-premiers-ve-prevus-en-2025","status":"publish","type":"post","link":"https:\/\/www.evearly.news\/fr\/la-sony-honda-mobility-company-est-annoncee-les-premiers-ve-prevus-en-2025\/","title":{"rendered":"La Sony Honda Mobility Company est annonc\u00e9e, les premiers VE pr\u00e9vus en 2025"},"content":{"rendered":"\n<div class=\"media_block\"><img decoding=\"async\" src=\"https:\/\/news.evearly.com\/wp-content\/uploads\/2022\/06\/la-sony-honda-mobility-company-est-annoncee-les-premiers-ve-prevus-en-2025.jpg\"><\/div>\n<p>Elle repr\u00e9sente une coentreprise \u00e0 parts \u00e9gales entre les deux soci\u00e9t\u00e9s. <a href=\"https:\/\/insideevs.fr\/news\/592483\/sony-honda-mobility-electrique-2025\/\" target=\"blank\" rel=\"noopener\">Lire la suite&#8230;<\/a><\/p>\n","protected":false},"excerpt":{"rendered":"\n<div class=\"media_block\"><img decoding=\"async\" src=\"https:\/\/news.evearly.com\/wp-content\/uploads\/2022\/06\/la-sony-honda-mobility-company-est-annoncee-les-premiers-ve-prevus-en-2025.jpg\"><\/div>\n<p>Elle repr\u00e9sente une coentreprise \u00e0 parts \u00e9gales entre les deux soci\u00e9t\u00e9s.  <a class=\"continue-reading-link\" href=\"https:\/\/www.evearly.news\/fr\/la-sony-honda-mobility-company-est-annoncee-les-premiers-ve-prevus-en-2025\/\"><\/a><\/p>\n","protected":false},"author":14,"featured_media":0,"comment_status":"closed","ping_status":"closed","sticky":false,"template":"","format":"standard","meta":{"footnotes":""},"categories":[15],"tags":[],"class_list":["post-181227","post","type-post","status-publish","format-standard","hentry","category-insideevs"],"_links":{"self":[{"href":"https:\/\/www.evearly.news\/fr\/wp-json\/wp\/v2\/posts\/181227","targetHints":{"allow":["GET"]}}],"collection":[{"href":"https:\/\/www.evearly.news\/fr\/wp-json\/wp\/v2\/posts"}],"about":[{"href":"https:\/\/www.evearly.news\/fr\/wp-json\/wp\/v2\/types\/post"}],"author":[{"embeddable":true,"href":"https:\/\/www.evearly.news\/fr\/wp-json\/wp\/v2\/users\/14"}],"replies":[{"embeddable":true,"href":"https:\/\/www.evearly.news\/fr\/wp-json\/wp\/v2\/comments?post=181227"}],"version-history":[{"count":0,"href":"https:\/\/www.evearly.news\/fr\/wp-json\/wp\/v2\/posts\/181227\/revisions"}],"wp:attachment":[{"href":"https:\/\/www.evearly.news\/fr\/wp-json\/wp\/v2\/media?parent=181227"}],"wp:term":[{"taxonomy":"category","embeddable":true,"href":"https:\/\/www.evearly.news\/fr\/wp-json\/wp\/v2\/categories?post=181227"},{"taxonomy":"post_tag","embeddable":true,"href":"https:\/\/www.evearly.news\/fr\/wp-json\/wp\/v2\/tags?post=181227"}],"curies":[{"name":"wp","href":"https:\/\/api.w.org\/{rel}","templated":true}]}}