{"id":1825,"date":"2019-09-09T11:07:26","date_gmt":"2019-09-09T09:07:26","guid":{"rendered":"https:\/\/www.automobile-propre.com\/?p=79230"},"modified":"2019-09-09T11:07:26","modified_gmt":"2019-09-09T09:07:26","slug":"mercedes-glc-300-e-et-gle-350-nouveau-duo-de-suv-hybrides-rechargeables","status":"publish","type":"post","link":"https:\/\/www.evearly.news\/fr\/mercedes-glc-300-e-et-gle-350-nouveau-duo-de-suv-hybrides-rechargeables\/","title":{"rendered":"Mercedes GLC 300 e et GLE 350 : nouveau duo de SUV hybrides rechargeables"},"content":{"rendered":"<figure class=\"wp-block-image\"><img decoding=\"async\" class=\"wp-image-79232\" src=\"https:\/\/news.evearly.com\/wp-content\/uploads\/2019\/09\/mercedes-glc-300-e-et-gle-350-nouveau-duo-de-suv-hybrides-rechargeables.jpg\" alt=\"\"><\/figure>\n<p><strong>Restyl\u00e9 avec une nouvelle batterie, le familial branch\u00e9 GLC, \u00e9paul\u00e9 du nouveau grand GLE 350 de \u00e0 bloc diesel, promet une autonomie \u00e9lectrique d\u00e9passant les 100 km.<\/strong><\/p>\n<p>Disparu du catalogue, les SUV hybrides rechargeables de Mercedes-Benz font leur grand retour. Le GLC a attendu le restylage et une batterie de plus grande capacit\u00e9 pour \u00e9merger de nouveau. Avec bloc essence, ce dernier fait opposition au grand fr\u00e8re, le GLE de deuxi\u00e8me g\u00e9n\u00e9ration qui opte d\u00e9sormais pour un duo diesel-\u00e9lectricit\u00e9, et une batterie de capacit\u00e9 in\u00e9dite pour le segment.<\/p>\n<p><a href=\"https:\/\/www.automobile-propre.com\/mercedes-glc-300-e-et-glc-350-nouveau-duo-de-suv-hybrides-rechargeables\/\" target=\"_blank\" rel=\"noopener noreferrer\">Lire la suite&#8230;<\/a><\/p>\n","protected":false},"excerpt":{"rendered":"\n<p>Restyl\u00e9 avec une nouvelle batterie, le familial branch\u00e9 GLC, \u00e9paul\u00e9 du nouveau grand GLE 350 de \u00e0 bloc diesel, promet une autonomie \u00e9lectrique d\u00e9passant les 100 km.<\/p>\n<p>L\u2019article Mercedes GLC 300 e et GLE 350 : nouveau duo de SUV hybrides rechargeables est apparu en premier sur Automobile Propre. &#8230; <a class=\"continue-reading-link\" href=\"https:\/\/www.evearly.news\/fr\/mercedes-glc-300-e-et-gle-350-nouveau-duo-de-suv-hybrides-rechargeables\/\"><\/a><\/p>\n","protected":false},"author":8,"featured_media":0,"comment_status":"closed","ping_status":"closed","sticky":false,"template":"","format":"standard","meta":{"footnotes":""},"categories":[8],"tags":[],"class_list":["post-1825","post","type-post","status-publish","format-standard","hentry","category-automobile-propre"],"_links":{"self":[{"href":"https:\/\/www.evearly.news\/fr\/wp-json\/wp\/v2\/posts\/1825","targetHints":{"allow":["GET"]}}],"collection":[{"href":"https:\/\/www.evearly.news\/fr\/wp-json\/wp\/v2\/posts"}],"about":[{"href":"https:\/\/www.evearly.news\/fr\/wp-json\/wp\/v2\/types\/post"}],"author":[{"embeddable":true,"href":"https:\/\/www.evearly.news\/fr\/wp-json\/wp\/v2\/users\/8"}],"replies":[{"embeddable":true,"href":"https:\/\/www.evearly.news\/fr\/wp-json\/wp\/v2\/comments?post=1825"}],"version-history":[{"count":0,"href":"https:\/\/www.evearly.news\/fr\/wp-json\/wp\/v2\/posts\/1825\/revisions"}],"wp:attachment":[{"href":"https:\/\/www.evearly.news\/fr\/wp-json\/wp\/v2\/media?parent=1825"}],"wp:term":[{"taxonomy":"category","embeddable":true,"href":"https:\/\/www.evearly.news\/fr\/wp-json\/wp\/v2\/categories?post=1825"},{"taxonomy":"post_tag","embeddable":true,"href":"https:\/\/www.evearly.news\/fr\/wp-json\/wp\/v2\/tags?post=1825"}],"curies":[{"name":"wp","href":"https:\/\/api.w.org\/{rel}","templated":true}]}}