{"id":182927,"date":"2022-06-25T06:00:37","date_gmt":"2022-06-25T04:00:37","guid":{"rendered":"https:\/\/www.avem.fr\/?p=49177"},"modified":"2023-08-17T18:48:19","modified_gmt":"2023-08-17T18:48:19","slug":"avec-son-electric-supervan-ford-devoile-un-monstre-de-puissance-au-festival-of-speed-de-goodwood","status":"publish","type":"post","link":"https:\/\/www.evearly.news\/fr\/avec-son-electric-supervan-ford-devoile-un-monstre-de-puissance-au-festival-of-speed-de-goodwood\/","title":{"rendered":"Avec son Electric SuperVan, Ford d\u00e9voile un monstre de puissance au Festival of speed de Goodwood"},"content":{"rendered":"\n<p><img decoding=\"async\" width=\"1000\" height=\"563\" src=\"https:\/\/news.evearly.com\/wp-content\/uploads\/2022\/06\/avec-son-electric-supervan-ford-devoile-un-monstre-de-puissance-au-festival-of-speed-de-goodwood.jpg\" class=\"attachment-post-thumbnail size-post-thumbnail wp-post-image\" alt=\"Ford Electric SuperVan Goodwood\" loading=\"lazy\" \/>Le Festival of speed de Goodwood se d\u00e9roule jusqu\u2019\u00e0 dimanche dans le Sussex au Sud-Ouest de l\u2019Angleterre. De nombreux constructeurs profitent de l\u2019occasion pour pr\u00e9senter des bolides hors norme. Des bolides qui s\u2019affrontent notamment lors de la course de c\u00f4te de Hillclimb. Cette ann\u00e9e, Ford cr\u00e9e l\u2019\u00e9v\u00e9nement en d\u00e9voilant le [\u2026] <a href=\"https:\/\/www.avem.fr\/2022\/06\/25\/avec-son-electric-supervan-ford-devoile-un-monstre-de-puissance-au-festival-of-speed-de-goodwood\/\" target=\"blank\" rel=\"noopener\">Lire la suite&#8230;<\/a><\/p>\n","protected":false},"excerpt":{"rendered":"<p> <img decoding=\"async\" width=\"1000\" height=\"563\" src=\"https:\/\/news.evearly.com\/wp-content\/uploads\/2022\/06\/avec-son-electric-supervan-ford-devoile-un-monstre-de-puissance-au-festival-of-speed-de-goodwood.jpg\" class=\"attachment-post-thumbnail size-post-thumbnail wp-post-image\" alt=\"Ford Electric SuperVan Goodwood\" loading=\"lazy\" \/>Le Festival of speed de Goodwood se d\u00e9roule jusqu\u2019\u00e0 dimanche dans le Sussex au Sud-Ouest de l\u2019Angleterre. De nombreux constructeurs profitent de l\u2019occasion pour pr\u00e9senter des bolides hors norme. Des bolides qui s\u2019affrontent notamment lors de la course de c\u00f4te de Hillclimb. Cette ann\u00e9e, Ford cr\u00e9e l\u2019\u00e9v\u00e9nement en d\u00e9voilant le [\u2026]  <a class=\"continue-reading-link\" href=\"https:\/\/www.evearly.news\/fr\/avec-son-electric-supervan-ford-devoile-un-monstre-de-puissance-au-festival-of-speed-de-goodwood\/\"><\/a><\/p>\n","protected":false},"author":3,"featured_media":0,"comment_status":"closed","ping_status":"closed","sticky":false,"template":"","format":"standard","meta":{"footnotes":""},"categories":[3],"tags":[],"class_list":["post-182927","post","type-post","status-publish","format-standard","hentry","category-avem"],"_links":{"self":[{"href":"https:\/\/www.evearly.news\/fr\/wp-json\/wp\/v2\/posts\/182927","targetHints":{"allow":["GET"]}}],"collection":[{"href":"https:\/\/www.evearly.news\/fr\/wp-json\/wp\/v2\/posts"}],"about":[{"href":"https:\/\/www.evearly.news\/fr\/wp-json\/wp\/v2\/types\/post"}],"author":[{"embeddable":true,"href":"https:\/\/www.evearly.news\/fr\/wp-json\/wp\/v2\/users\/3"}],"replies":[{"embeddable":true,"href":"https:\/\/www.evearly.news\/fr\/wp-json\/wp\/v2\/comments?post=182927"}],"version-history":[{"count":1,"href":"https:\/\/www.evearly.news\/fr\/wp-json\/wp\/v2\/posts\/182927\/revisions"}],"predecessor-version":[{"id":256692,"href":"https:\/\/www.evearly.news\/fr\/wp-json\/wp\/v2\/posts\/182927\/revisions\/256692"}],"wp:attachment":[{"href":"https:\/\/www.evearly.news\/fr\/wp-json\/wp\/v2\/media?parent=182927"}],"wp:term":[{"taxonomy":"category","embeddable":true,"href":"https:\/\/www.evearly.news\/fr\/wp-json\/wp\/v2\/categories?post=182927"},{"taxonomy":"post_tag","embeddable":true,"href":"https:\/\/www.evearly.news\/fr\/wp-json\/wp\/v2\/tags?post=182927"}],"curies":[{"name":"wp","href":"https:\/\/api.w.org\/{rel}","templated":true}]}}